{"id":7717,"date":"2018-02-09T22:14:50","date_gmt":"2018-02-09T22:14:50","guid":{"rendered":"http:\/\/bojornal.pt\/?p=7717"},"modified":"2018-02-18T22:18:22","modified_gmt":"2018-02-18T22:18:22","slug":"encontro-com-alexandre-parafita","status":"publish","type":"post","link":"https:\/\/bojornal.pt\/?p=7717","title":{"rendered":"ENCONTRO COM ALEXANDRE PARAFITA"},"content":{"rendered":"<p>&nbsp;<\/p>\n<p>&nbsp;<\/p>\n<p>Nos dias 5 e 6 de fevereiro a Biblioteca do Centro Escolar da S\u00e9 e a Biblioteca Escolar da EB1 do Campo Redondo, em colabora\u00e7\u00e3o com o grupo LEYA, trouxe a todas as escolas do 1.\u00ba Ciclo do Agrupamento Em\u00eddio Garcia o escritor Alexandre Parafita. Foram realizadas quatro sess\u00f5es ao longo dos dois dias da sua presen\u00e7a em Bragan\u00e7a. Alunos e professores envolveram-se com todo o empenho, ensaiando belas pe\u00e7as de teatro, declama\u00e7\u00f5es, leituras e recolhendo, junto dos mais velhos, lendas que proliferam pelas aldeias transmontanas. Todas estas atividades foram apresentadas num cen\u00e1rio t\u00edpico dos ser\u00f5es nas aldeias transmontanas, que foi criado para o evento.<\/p>\n<p>Os professores Jos\u00e9 Amaro e Francisco Jos\u00e9, ensaiaram um grupo de crian\u00e7as, com uma can\u00e7\u00e3o original e de acordo com a tem\u00e1tica dos livros de Alexandre Parafita.<\/p>\n<p>Posteriormente, o escritor respondeu a algumas quest\u00f5es dos alunos, nas quais foram abordados os mais diversos assuntos, desde a idade com que come\u00e7ou a escrever, onde se inspira para escrever as suas hist\u00f3rias, o seu percurso de vida profissional.<\/p>\n<p>No final da sess\u00e3o e antes de passar \u00e0 sess\u00e3o de aut\u00f3grafos, \u00a0o escritor agradeceu a maneira como foi recebido, os momentos raros que lhe proporcionaram e fez quest\u00e3o de salientar a elevada qualidade e a marcante originalidade dos trabalhos ali apresentados.<\/p>\n<p>Foram momentos muito agrad\u00e1veis, proporcionadores de imensa riqueza cultural e que ficar\u00e3o registados na mem\u00f3ria de todos os presentes.<\/p>\n","protected":false},"excerpt":{"rendered":"<p>&nbsp; &nbsp; Nos dias 5 e 6 de fevereiro a Biblioteca do Centro Escolar da S\u00e9 e a Biblioteca Escolar da EB1 do Campo Redondo, em colabora\u00e7\u00e3o com o grupo LEYA, trouxe a todas&#46;&#46;&#46;<\/p>\n","protected":false},"author":3,"featured_media":7754,"comment_status":"closed","ping_status":"closed","sticky":false,"template":"","format":"gallery","meta":{"footnotes":""},"categories":[14,2,9],"tags":[],"class_list":["post-7717","post","type-post","status-publish","format-gallery","has-post-thumbnail","hentry","category-1o-ciclo","category-atualidade","category-em-foco","post_format-post-format-gallery"],"_links":{"self":[{"href":"https:\/\/bojornal.pt\/index.php?rest_route=\/wp\/v2\/posts\/7717","targetHints":{"allow":["GET"]}}],"collection":[{"href":"https:\/\/bojornal.pt\/index.php?rest_route=\/wp\/v2\/posts"}],"about":[{"href":"https:\/\/bojornal.pt\/index.php?rest_route=\/wp\/v2\/types\/post"}],"author":[{"embeddable":true,"href":"https:\/\/bojornal.pt\/index.php?rest_route=\/wp\/v2\/users\/3"}],"replies":[{"embeddable":true,"href":"https:\/\/bojornal.pt\/index.php?rest_route=%2Fwp%2Fv2%2Fcomments&post=7717"}],"version-history":[{"count":0,"href":"https:\/\/bojornal.pt\/index.php?rest_route=\/wp\/v2\/posts\/7717\/revisions"}],"wp:featuredmedia":[{"embeddable":true,"href":"https:\/\/bojornal.pt\/index.php?rest_route=\/wp\/v2\/media\/7754"}],"wp:attachment":[{"href":"https:\/\/bojornal.pt\/index.php?rest_route=%2Fwp%2Fv2%2Fmedia&parent=7717"}],"wp:term":[{"taxonomy":"category","embeddable":true,"href":"https:\/\/bojornal.pt\/index.php?rest_route=%2Fwp%2Fv2%2Fcategories&post=7717"},{"taxonomy":"post_tag","embeddable":true,"href":"https:\/\/bojornal.pt\/index.php?rest_route=%2Fwp%2Fv2%2Ftags&post=7717"}],"curies":[{"name":"wp","href":"https:\/\/api.w.org\/{rel}","templated":true}]}}