{"id":7714,"date":"2018-02-08T22:31:04","date_gmt":"2018-02-08T22:31:04","guid":{"rendered":"http:\/\/bojornal.pt\/?p=7714"},"modified":"2022-01-28T20:03:54","modified_gmt":"2022-01-28T20:03:54","slug":"concurso-de-contos-de-natal-escolas-paulo-quintela-e-campo-redondo-em-destaque","status":"publish","type":"post","link":"https:\/\/bojornal.pt\/?p=7714","title":{"rendered":"Concurso de Contos de Natal: Escolas Paulo Quintela e Campo Redondo em destaque"},"content":{"rendered":"<p>&nbsp;<\/p>\n<p>O Agrupamento de Escolas Em\u00eddio Garcia esteve em destaque no Concurso de Contos de Natal promovido pela C\u00e2mara Municipal de Bragan\u00e7a. A Escola Paulo Quintela conquistou todos os pr\u00e9mios relativos ao 2\u00baCiclo e, no 1\u00baciclo, a Escola do Campo Redondo&nbsp;obteve algumas Men\u00e7\u00f5es Honrosas.<\/p>\n<p>&nbsp;<\/p>\n<p><strong>2\u00baCICLO:<\/strong><\/p>\n<p class=\"text-align-justify\">\u00bb 1.\u00ba Pr\u00e9mio, Ana Clara Cardoso Oliveira, da Escola B\u00e1sica Paulo Quintela.<\/p>\n<p class=\"text-align-justify\">\u00bb 2.\u00ba Pr\u00e9mio, Jo\u00e3o Carlos Sendim, da Escola B\u00e1sica Paulo Quintela.<\/p>\n<p class=\"text-align-justify\">\u00bb 3.\u00ba Pr\u00e9mio, Ariadna Almeida Libarato, da Escola B\u00e1sica Paulo Quintela.<\/p>\n<p class=\"text-align-justify\">Men\u00e7\u00e3o Honrosa:&nbsp;Maria In\u00eas Rodrigues Fernandes e&nbsp;Guilherme Morais Cadime, da Escola EB2&nbsp;Paulo Quintela.<\/p>\n<p class=\"text-align-justify\">&nbsp;<strong>1\u00baCICLO<\/strong><\/p>\n<p class=\"text-align-justify\">Men\u00e7\u00f5es Honrosas:&nbsp; Bruna Catarina Pires Ferreira, Joana Luso Almendra Roque, Telma Leite e In\u00eas Cordeiro Freitas, da Escola B\u00e1sica n.\u00ba 1 do Campo Redondo,<\/p>\n<p class=\"text-align-justify\">\n","protected":false},"excerpt":{"rendered":"<p>&nbsp; O Agrupamento de Escolas Em\u00eddio Garcia esteve em destaque no Concurso de Contos de Natal promovido pela C\u00e2mara Municipal de Bragan\u00e7a. A Escola Paulo Quintela conquistou todos os pr\u00e9mios relativos ao 2\u00baCiclo e,&#46;&#46;&#46;<\/p>\n","protected":false},"author":3,"featured_media":10732,"comment_status":"closed","ping_status":"closed","sticky":false,"template":"","format":"gallery","meta":{"footnotes":""},"categories":[14,2,3,9,13],"tags":[],"class_list":["post-7714","post","type-post","status-publish","format-gallery","has-post-thumbnail","hentry","category-1o-ciclo","category-atualidade","category-cultura","category-em-foco","category-escola-paulo-quintela","post_format-post-format-gallery"],"_links":{"self":[{"href":"https:\/\/bojornal.pt\/index.php?rest_route=\/wp\/v2\/posts\/7714","targetHints":{"allow":["GET"]}}],"collection":[{"href":"https:\/\/bojornal.pt\/index.php?rest_route=\/wp\/v2\/posts"}],"about":[{"href":"https:\/\/bojornal.pt\/index.php?rest_route=\/wp\/v2\/types\/post"}],"author":[{"embeddable":true,"href":"https:\/\/bojornal.pt\/index.php?rest_route=\/wp\/v2\/users\/3"}],"replies":[{"embeddable":true,"href":"https:\/\/bojornal.pt\/index.php?rest_route=%2Fwp%2Fv2%2Fcomments&post=7714"}],"version-history":[{"count":0,"href":"https:\/\/bojornal.pt\/index.php?rest_route=\/wp\/v2\/posts\/7714\/revisions"}],"wp:featuredmedia":[{"embeddable":true,"href":"https:\/\/bojornal.pt\/index.php?rest_route=\/wp\/v2\/media\/10732"}],"wp:attachment":[{"href":"https:\/\/bojornal.pt\/index.php?rest_route=%2Fwp%2Fv2%2Fmedia&parent=7714"}],"wp:term":[{"taxonomy":"category","embeddable":true,"href":"https:\/\/bojornal.pt\/index.php?rest_route=%2Fwp%2Fv2%2Fcategories&post=7714"},{"taxonomy":"post_tag","embeddable":true,"href":"https:\/\/bojornal.pt\/index.php?rest_route=%2Fwp%2Fv2%2Ftags&post=7714"}],"curies":[{"name":"wp","href":"https:\/\/api.w.org\/{rel}","templated":true}]}}