{"id":7693,"date":"2018-01-18T23:58:29","date_gmt":"2018-01-18T23:58:29","guid":{"rendered":"http:\/\/bojornal.pt\/?p=7693"},"modified":"2018-01-25T00:16:00","modified_gmt":"2018-01-25T00:16:00","slug":"rumo-a-madrid","status":"publish","type":"post","link":"https:\/\/bojornal.pt\/?p=7693","title":{"rendered":"\u00a1Rumo a Madrid!"},"content":{"rendered":"<p>&nbsp;<\/p>\n<p>Los alumnos de 9\u00ba y los profesores han partido d\u00eda 4 de Enero rumo a Madrid para realizar una visita a esta incre\u00edble ciudad en el \u00e1mbito de las asignaturas de Lengua Espa\u00f1ola y Religi\u00f3n y Moral.<\/p>\n<p>Salimos de Braganza rumo a Madrid a las seis y media, la primera parada ha sido en El Real Monasterio de San Lorenzo de El Escorial. El Escorial como es denominado es un gran complejo que incluye un palacio real, una bas\u00edlica, un pante\u00f3n, una biblioteca, un colegio y un monasterio. Se encuentra en la localidad espa\u00f1ola de San Lorenzo de El Escorial, en la Comunidad de Madrid, y fue construido entre 1563 y 1584.El palacio fue residencia de la Familia Real Espa\u00f1ola, la bas\u00edlica es lugar de sepultura de los reyes de Espa\u00f1a.<\/p>\n<p>Continuamos para Madrid. Llegados ah\u00ed empezamos por visitar la Plaza de Espa\u00f1a donde se encuentra la estatua de Cervantes. Seguimos hasta los jardines de Sabatini que hemos visitado, el Palacio Real y la Catedral de Almudena con sus vitrales. Seguimos hasta la Plaza Mayor d\u00f3nde descansamos un poco. Durante el recorrido hemos podido apreciar edificios bell\u00edsimos y escaparates incre\u00edbles. Seguimos hasta la Puerta del Sol, que es una plaza d\u00f3nde est\u00e1 situado el Kil\u00f3metro Cero de las carreteras radiales del pa\u00eds desde 1950. En esta plaza el edificio m\u00e1s antiguo es la Casa de Correos y en ella destaca el reloj de torre que fue construido y donado en el siglo XIX y cuyas campanadas de las 12 de la noche del 31 de diciembre marcan la tradicional toma de las doce uvas a la gran mayor\u00eda de los espa\u00f1oles. Hemos tenido tiempo para sacarnos una foto con la estatua del Oso y el Madro\u00f1o.<\/p>\n<p>Finalmente muy fatigados hemos cenado y nos fuimos al hotel para descansar.<\/p>\n<p>D\u00eda dos, tomamos un desayuno bien reforzado para otro d\u00eda inolvidable. Empezamos por visitar el Estadio Santiago Bernab\u00e9u, d\u00f3nde tuvimos oportunidad de visitar el Museo y ver todos los trofeos que nuestro Cristiano ha ganado.<\/p>\n<p>Por la tarde visitamos el Museo Nacional Centro de Arte Reina Sof\u00eda, en el tuvimos oportunidad de observar la obra prima de Picasso, el Guernica. Sin duda que es un cuadro\u00a0 que nos marca. Tambi\u00e9n observamos cuadros de Mir\u00f3, Salvador Dal\u00ed entre otros. La lluvia nos acompa\u00f1\u00f3 este d\u00eda. La plaza Cibeles ha sido otro local que hemos obsevado y por fin, muy agotados nos fuimos al hotel a descansar.<\/p>\n<p>El tercer y \u00faltimo d\u00eda fue tambi\u00e9n un d\u00eda sorprendente y un poco mojado ya que la lluvia no nos abandonaba. Visitamos el Parque del Retiro, la Puerta de Alcal\u00e1 yEl Templo de Debod que es un templo egipcio. El Templo fue un regalo de Egipto a Espa\u00f1a en 1968 en compensaci\u00f3n por la ayuda espa\u00f1ola tras el llamamiento internacional realizado por la Unesco para salvar los templos de Nubia.<\/p>\n<p>Despu\u00e9s del almuerzo partimos de regreso a nuestra ciudad pero ni el viaje dej\u00f3 de deslumbrarnos, cuando llegamos cerca de Segovia empiezo a nevar y tuvimos oportunidad de ver paisajes blancos.<\/p>\n<p>Hemos llegado un poco retrasados a nuestro destino pero hemos llegando con el esp\u00edritu lleno de recuerdos, conocimientos y aventuras.<\/p>\n<p>Carla Santos<\/p>\n","protected":false},"excerpt":{"rendered":"<p>&nbsp; Los alumnos de 9\u00ba y los profesores han partido d\u00eda 4 de Enero rumo a Madrid para realizar una visita a esta incre\u00edble ciudad en el \u00e1mbito de las asignaturas de Lengua Espa\u00f1ola&#46;&#46;&#46;<\/p>\n","protected":false},"author":3,"featured_media":7701,"comment_status":"closed","ping_status":"closed","sticky":false,"template":"","format":"gallery","meta":{"footnotes":""},"categories":[2,16],"tags":[],"class_list":["post-7693","post","type-post","status-publish","format-gallery","has-post-thumbnail","hentry","category-atualidade","category-escola-secundaria-emidio-garcia","post_format-post-format-gallery"],"_links":{"self":[{"href":"https:\/\/bojornal.pt\/index.php?rest_route=\/wp\/v2\/posts\/7693","targetHints":{"allow":["GET"]}}],"collection":[{"href":"https:\/\/bojornal.pt\/index.php?rest_route=\/wp\/v2\/posts"}],"about":[{"href":"https:\/\/bojornal.pt\/index.php?rest_route=\/wp\/v2\/types\/post"}],"author":[{"embeddable":true,"href":"https:\/\/bojornal.pt\/index.php?rest_route=\/wp\/v2\/users\/3"}],"replies":[{"embeddable":true,"href":"https:\/\/bojornal.pt\/index.php?rest_route=%2Fwp%2Fv2%2Fcomments&post=7693"}],"version-history":[{"count":0,"href":"https:\/\/bojornal.pt\/index.php?rest_route=\/wp\/v2\/posts\/7693\/revisions"}],"wp:featuredmedia":[{"embeddable":true,"href":"https:\/\/bojornal.pt\/index.php?rest_route=\/wp\/v2\/media\/7701"}],"wp:attachment":[{"href":"https:\/\/bojornal.pt\/index.php?rest_route=%2Fwp%2Fv2%2Fmedia&parent=7693"}],"wp:term":[{"taxonomy":"category","embeddable":true,"href":"https:\/\/bojornal.pt\/index.php?rest_route=%2Fwp%2Fv2%2Fcategories&post=7693"},{"taxonomy":"post_tag","embeddable":true,"href":"https:\/\/bojornal.pt\/index.php?rest_route=%2Fwp%2Fv2%2Ftags&post=7693"}],"curies":[{"name":"wp","href":"https:\/\/api.w.org\/{rel}","templated":true}]}}