{"id":7690,"date":"2018-01-24T12:24:08","date_gmt":"2018-01-24T12:24:08","guid":{"rendered":"http:\/\/bojornal.pt\/?p=7690"},"modified":"2022-01-27T23:28:29","modified_gmt":"2022-01-27T23:28:29","slug":"liceu-encontro-com-o-escritor-nuno-nepomuceno","status":"publish","type":"post","link":"https:\/\/bojornal.pt\/?p=7690","title":{"rendered":"Liceu: Encontro com o escritor Nuno Nepomuceno"},"content":{"rendered":"<p>&nbsp;<\/p>\n<p>A Escola Em\u00eddio Garcia recebeu o escritor Nuno&nbsp;Nepomuceno. Esta&nbsp;iniciativa, do passado dia 18 de janeiro,&nbsp;proporcionou aos alunos do ensino secund\u00e1rio, a aproxima\u00e7\u00e3o com o autor e a sua obra.<\/p>\n<p>Notabilizado pela sua escrita elegante e o seu j\u00e1 t\u00e3o caracter\u00edstico estilo intimista e sofisticado, inspirado em acontecimentos ver\u00eddicos, o autor, auxiliando-se de uma apresenta\u00e7\u00e3o multim\u00e9dia com excertos de entrevistas concedidas a v\u00e1rios meios de comunica\u00e7\u00e3o social, elucidou os presentes, de forma exemplar, sobre o seu, ainda curto, mas intenso percurso liter\u00e1rio.<\/p>\n<p>Foi o vencedor do galard\u00e3o e publicou o seu primeiro romance, O <em>Espi\u00e3o Portugu\u00eas<\/em>. Seguiram-se&nbsp;<em>A Espia do Oriente<\/em>&nbsp; e&nbsp; <em>A Hora Solene<\/em>, com os quais concluiu a trilogia&nbsp;Freelancer. O Autor apresentou uma s\u00famula desta trilogia \u00fanica em que funde elementos tradicionais da fic\u00e7\u00e3o de espionagem com uma abordagem motivadora. Autointitulando-se como um escritor imprevis\u00edvel, cr\u00ea que nunca ir\u00e1 copiar o modelo que utilizou no livro anterior para redigir o seguinte.<\/p>\n<p>O escritor transporta-nos para um mundo de complexas rela\u00e7\u00f5es interpessoais, e reviravoltas imprevis\u00edveis, proporcionando uma grande viagem por locais e \u00e9pocas atrav\u00e9s de um ritmo r\u00e1pido e cap\u00edtulos curtos, frequentemente, com recurso ao \u201ccliffhanger\u201d<strong>. <\/strong>Nos livros de Nuno Nepomuceno est\u00e3o, tamb\u00e9m, presentes tem\u00e1ticas como a fam\u00edlia, a amizade e o amor, bem como uma reflex\u00e3o profunda sobre os valores tradicionais portugueses.<\/p>\n<p>O motivo principal desta apresenta\u00e7\u00e3o foi o livro <em>A C\u00e9lula Adormecida<\/em>, lan\u00e7ada em 2016. Segundo o autor, o objetivo do livro \u00e9 dar a conhecer o que \u00e9 na realidade a religi\u00e3o mu\u00e7ulmana. Tenta desmistificar o Isl\u00e3o, a comunidade mu\u00e7ulmana em particular, ao mesmo tempo que aborda temas como a xenofobia e o racismo. \u00c9 um thriller psicol\u00f3gico que mistura religi\u00e3o e terrorismo onde o suspense impera, desenvolve um tema atual e controverso sempre contextualizado com factos.<\/p>\n<p>O autor Considera que beneficiou da experi\u00eancia que adquiriu com a trilogia, mostrando em <em>A C\u00e9lula Adormecida<\/em>, um escritor mais maduro, para al\u00e9m do reconhecimento que lhe trouxe. \u201cH\u00e1 um antes e um depois na minha carreira marcado pela edi\u00e7\u00e3o desse livro\u201d.<\/p>\n<p>Finalmente revelou, gentilmente, um pouco sobre <em>Pecados Santos, <\/em>o novo romance, cujo lan\u00e7amento nacional estava agendado para o dia seguinte.&nbsp;\u00c9 tamb\u00e9m pelas atitudes, como a sua generosidade e simpatia que se mostram os grandes autores.<\/p>\n<p>Houve ainda oportunidade para colocar algumas quest\u00f5es, sucedendo-se uma breve sess\u00e3o de aut\u00f3grafos, e os habituais momentos de conversa e conv\u00edvio com o autor.<\/p>\n","protected":false},"excerpt":{"rendered":"<p>&nbsp; A Escola Em\u00eddio Garcia recebeu o escritor Nuno&nbsp;Nepomuceno. Esta&nbsp;iniciativa, do passado dia 18 de janeiro,&nbsp;proporcionou aos alunos do ensino secund\u00e1rio, a aproxima\u00e7\u00e3o com o autor e a sua obra. Notabilizado pela sua escrita&#46;&#46;&#46;<\/p>\n","protected":false},"author":3,"featured_media":7691,"comment_status":"closed","ping_status":"closed","sticky":false,"template":"","format":"gallery","meta":{"footnotes":""},"categories":[2,9,16],"tags":[],"class_list":["post-7690","post","type-post","status-publish","format-gallery","has-post-thumbnail","hentry","category-atualidade","category-em-foco","category-escola-secundaria-emidio-garcia","post_format-post-format-gallery"],"_links":{"self":[{"href":"https:\/\/bojornal.pt\/index.php?rest_route=\/wp\/v2\/posts\/7690","targetHints":{"allow":["GET"]}}],"collection":[{"href":"https:\/\/bojornal.pt\/index.php?rest_route=\/wp\/v2\/posts"}],"about":[{"href":"https:\/\/bojornal.pt\/index.php?rest_route=\/wp\/v2\/types\/post"}],"author":[{"embeddable":true,"href":"https:\/\/bojornal.pt\/index.php?rest_route=\/wp\/v2\/users\/3"}],"replies":[{"embeddable":true,"href":"https:\/\/bojornal.pt\/index.php?rest_route=%2Fwp%2Fv2%2Fcomments&post=7690"}],"version-history":[{"count":0,"href":"https:\/\/bojornal.pt\/index.php?rest_route=\/wp\/v2\/posts\/7690\/revisions"}],"wp:featuredmedia":[{"embeddable":true,"href":"https:\/\/bojornal.pt\/index.php?rest_route=\/wp\/v2\/media\/7691"}],"wp:attachment":[{"href":"https:\/\/bojornal.pt\/index.php?rest_route=%2Fwp%2Fv2%2Fmedia&parent=7690"}],"wp:term":[{"taxonomy":"category","embeddable":true,"href":"https:\/\/bojornal.pt\/index.php?rest_route=%2Fwp%2Fv2%2Fcategories&post=7690"},{"taxonomy":"post_tag","embeddable":true,"href":"https:\/\/bojornal.pt\/index.php?rest_route=%2Fwp%2Fv2%2Ftags&post=7690"}],"curies":[{"name":"wp","href":"https:\/\/api.w.org\/{rel}","templated":true}]}}