{"id":7678,"date":"2018-01-24T00:27:31","date_gmt":"2018-01-24T00:27:31","guid":{"rendered":"http:\/\/bojornal.pt\/?p=7678"},"modified":"2018-01-24T00:27:31","modified_gmt":"2018-01-24T00:27:31","slug":"a-historia-do-coelhinho-branco-na-hora-da-pequenada","status":"publish","type":"post","link":"https:\/\/bojornal.pt\/?p=7678","title":{"rendered":"A Hist\u00f3ria do Coelhinho Branco na &#8220;Hora da Pequenada&#8221;"},"content":{"rendered":"<p style=\"font-weight: 400;\">\n<p style=\"font-weight: 400;\">No \u00e2mbito da \u201cHora da Pequenada\u201d do m\u00eas de janeiro, as turmas do JI do Centro Escolar da SE, deslocaram-se \u00e0 BE para assistir \u00e0 hist\u00f3ria \u201cO coelhinho branco\u201d.<\/p>\n<p style=\"font-weight: 400;\">Os alunos, do Grupo de Constitui\u00e7\u00e3o Tempor\u00e1ria da professora Maria do Carmo,\u00a0apresentaram a hist\u00f3ria com a ajuda de fantoches. Os meninos do JI adoraram o conto. Para finalizar constru\u00edram um coelho com a ajuda de alguns materiais.<\/p>\n<p style=\"font-weight: 400;\">Foram sess\u00f5es muito din\u00e2micas e do inteiro agrado da \u201cpequenada\u201d.<\/p>\n","protected":false},"excerpt":{"rendered":"<p>No \u00e2mbito da \u201cHora da Pequenada\u201d do m\u00eas de janeiro, as turmas do JI do Centro Escolar da SE, deslocaram-se \u00e0 BE para assistir \u00e0 hist\u00f3ria \u201cO coelhinho branco\u201d. Os alunos, do Grupo de&#46;&#46;&#46;<\/p>\n","protected":false},"author":3,"featured_media":7686,"comment_status":"closed","ping_status":"closed","sticky":false,"template":"","format":"gallery","meta":{"footnotes":""},"categories":[14,2,3,9],"tags":[],"class_list":["post-7678","post","type-post","status-publish","format-gallery","has-post-thumbnail","hentry","category-1o-ciclo","category-atualidade","category-cultura","category-em-foco","post_format-post-format-gallery"],"_links":{"self":[{"href":"https:\/\/bojornal.pt\/index.php?rest_route=\/wp\/v2\/posts\/7678","targetHints":{"allow":["GET"]}}],"collection":[{"href":"https:\/\/bojornal.pt\/index.php?rest_route=\/wp\/v2\/posts"}],"about":[{"href":"https:\/\/bojornal.pt\/index.php?rest_route=\/wp\/v2\/types\/post"}],"author":[{"embeddable":true,"href":"https:\/\/bojornal.pt\/index.php?rest_route=\/wp\/v2\/users\/3"}],"replies":[{"embeddable":true,"href":"https:\/\/bojornal.pt\/index.php?rest_route=%2Fwp%2Fv2%2Fcomments&post=7678"}],"version-history":[{"count":0,"href":"https:\/\/bojornal.pt\/index.php?rest_route=\/wp\/v2\/posts\/7678\/revisions"}],"wp:featuredmedia":[{"embeddable":true,"href":"https:\/\/bojornal.pt\/index.php?rest_route=\/wp\/v2\/media\/7686"}],"wp:attachment":[{"href":"https:\/\/bojornal.pt\/index.php?rest_route=%2Fwp%2Fv2%2Fmedia&parent=7678"}],"wp:term":[{"taxonomy":"category","embeddable":true,"href":"https:\/\/bojornal.pt\/index.php?rest_route=%2Fwp%2Fv2%2Fcategories&post=7678"},{"taxonomy":"post_tag","embeddable":true,"href":"https:\/\/bojornal.pt\/index.php?rest_route=%2Fwp%2Fv2%2Ftags&post=7678"}],"curies":[{"name":"wp","href":"https:\/\/api.w.org\/{rel}","templated":true}]}}