{"id":7655,"date":"2018-01-24T00:20:42","date_gmt":"2018-01-24T00:20:42","guid":{"rendered":"http:\/\/bojornal.pt\/?p=7655"},"modified":"2022-01-27T23:29:19","modified_gmt":"2022-01-27T23:29:19","slug":"cantar-dos-reis-no-centro-escolar-da-se","status":"publish","type":"post","link":"https:\/\/bojornal.pt\/?p=7655","title":{"rendered":"CANTAR DOS REIS NO CENTRO ESCOLAR DA S\u00c9"},"content":{"rendered":"<p>&nbsp;<\/p>\n<p>O Centro Escolar da S\u00e9 foi espa\u00e7o de alegria. m\u00fasica e amizade atrav\u00e9s do Cantar das Janeiras. Foram muitos os alunos que participaram nesta atividade que contou com as can\u00e7\u00f5es interpretadas pelos grupos (SE4, SE6, APADI, Escola Paulo Quintela, Escola das Beatas.<\/p>\n","protected":false},"excerpt":{"rendered":"<p>&nbsp; O Centro Escolar da S\u00e9 foi espa\u00e7o de alegria. m\u00fasica e amizade atrav\u00e9s do Cantar das Janeiras. Foram muitos os alunos que participaram nesta atividade que contou com as can\u00e7\u00f5es interpretadas pelos grupos&#46;&#46;&#46;<\/p>\n","protected":false},"author":3,"featured_media":7623,"comment_status":"closed","ping_status":"closed","sticky":false,"template":"","format":"gallery","meta":{"footnotes":""},"categories":[14,2,9],"tags":[],"class_list":["post-7655","post","type-post","status-publish","format-gallery","has-post-thumbnail","hentry","category-1o-ciclo","category-atualidade","category-em-foco","post_format-post-format-gallery"],"_links":{"self":[{"href":"https:\/\/bojornal.pt\/index.php?rest_route=\/wp\/v2\/posts\/7655","targetHints":{"allow":["GET"]}}],"collection":[{"href":"https:\/\/bojornal.pt\/index.php?rest_route=\/wp\/v2\/posts"}],"about":[{"href":"https:\/\/bojornal.pt\/index.php?rest_route=\/wp\/v2\/types\/post"}],"author":[{"embeddable":true,"href":"https:\/\/bojornal.pt\/index.php?rest_route=\/wp\/v2\/users\/3"}],"replies":[{"embeddable":true,"href":"https:\/\/bojornal.pt\/index.php?rest_route=%2Fwp%2Fv2%2Fcomments&post=7655"}],"version-history":[{"count":0,"href":"https:\/\/bojornal.pt\/index.php?rest_route=\/wp\/v2\/posts\/7655\/revisions"}],"wp:featuredmedia":[{"embeddable":true,"href":"https:\/\/bojornal.pt\/index.php?rest_route=\/wp\/v2\/media\/7623"}],"wp:attachment":[{"href":"https:\/\/bojornal.pt\/index.php?rest_route=%2Fwp%2Fv2%2Fmedia&parent=7655"}],"wp:term":[{"taxonomy":"category","embeddable":true,"href":"https:\/\/bojornal.pt\/index.php?rest_route=%2Fwp%2Fv2%2Fcategories&post=7655"},{"taxonomy":"post_tag","embeddable":true,"href":"https:\/\/bojornal.pt\/index.php?rest_route=%2Fwp%2Fv2%2Ftags&post=7655"}],"curies":[{"name":"wp","href":"https:\/\/api.w.org\/{rel}","templated":true}]}}