{"id":7629,"date":"2018-01-23T12:27:18","date_gmt":"2018-01-23T12:27:18","guid":{"rendered":"http:\/\/bojornal.pt\/?p=7629"},"modified":"2018-01-23T12:27:18","modified_gmt":"2018-01-23T12:27:18","slug":"alunos-do-centro-escolar-da-se-entregam-donativo-aos-bombeiros","status":"publish","type":"post","link":"https:\/\/bojornal.pt\/?p=7629","title":{"rendered":"Alunos do Centro Escolar da S\u00e9 entregam donativo aos Bombeiros"},"content":{"rendered":"<p style=\"font-weight: 400;\">\n<p style=\"font-weight: 400;\">\u201c\u00c1rvore Solid\u00e1ria\u201d, foi uma iniciativa contemplada no Plano Anual de Atividades e levada a cabo pelo Centro Escolar da S\u00e9, na \u00e9poca do Natal. Esta atividade consistiu na elabora\u00e7\u00e3o de trabalhos, pelos alunos com a ajuda dos professores, alusivos \u00e0 \u00e9poca natal\u00edcia, que foram expostos no \u00e1trio desta escola e adquiridos pela comunidade educativa, contribuindo deste modo para a angaria\u00e7\u00e3o de um donativo para os Bombeiros Volunt\u00e1rios de Bragan\u00e7a.<\/p>\n<p style=\"font-weight: 400;\">A cerim\u00f3nia de entrega, de um cheque simb\u00f3lico e do respetivo donativo, teve lugar no dia 19 de janeiro, neste Centro Escolar, onde estiveram presentes o Comandante dos BVB, alguns bombeiros em representa\u00e7\u00e3o da corpora\u00e7\u00e3o, toda a comunidade escolar, bem como os representantes de pais de cada turma.<\/p>\n<p style=\"font-weight: 400;\">O evento culminou com uma can\u00e7\u00e3o criada para o momento e de reconhecimento aos bombeiros, pelo seu empenho e dedica\u00e7\u00e3o a bem da comunidade.<\/p>\n","protected":false},"excerpt":{"rendered":"<p>\u201c\u00c1rvore Solid\u00e1ria\u201d, foi uma iniciativa contemplada no Plano Anual de Atividades e levada a cabo pelo Centro Escolar da S\u00e9, na \u00e9poca do Natal. Esta atividade consistiu na elabora\u00e7\u00e3o de trabalhos, pelos alunos com&#46;&#46;&#46;<\/p>\n","protected":false},"author":3,"featured_media":7650,"comment_status":"closed","ping_status":"closed","sticky":false,"template":"","format":"gallery","meta":{"footnotes":""},"categories":[14,2,9],"tags":[],"class_list":["post-7629","post","type-post","status-publish","format-gallery","has-post-thumbnail","hentry","category-1o-ciclo","category-atualidade","category-em-foco","post_format-post-format-gallery"],"_links":{"self":[{"href":"https:\/\/bojornal.pt\/index.php?rest_route=\/wp\/v2\/posts\/7629","targetHints":{"allow":["GET"]}}],"collection":[{"href":"https:\/\/bojornal.pt\/index.php?rest_route=\/wp\/v2\/posts"}],"about":[{"href":"https:\/\/bojornal.pt\/index.php?rest_route=\/wp\/v2\/types\/post"}],"author":[{"embeddable":true,"href":"https:\/\/bojornal.pt\/index.php?rest_route=\/wp\/v2\/users\/3"}],"replies":[{"embeddable":true,"href":"https:\/\/bojornal.pt\/index.php?rest_route=%2Fwp%2Fv2%2Fcomments&post=7629"}],"version-history":[{"count":0,"href":"https:\/\/bojornal.pt\/index.php?rest_route=\/wp\/v2\/posts\/7629\/revisions"}],"wp:featuredmedia":[{"embeddable":true,"href":"https:\/\/bojornal.pt\/index.php?rest_route=\/wp\/v2\/media\/7650"}],"wp:attachment":[{"href":"https:\/\/bojornal.pt\/index.php?rest_route=%2Fwp%2Fv2%2Fmedia&parent=7629"}],"wp:term":[{"taxonomy":"category","embeddable":true,"href":"https:\/\/bojornal.pt\/index.php?rest_route=%2Fwp%2Fv2%2Fcategories&post=7629"},{"taxonomy":"post_tag","embeddable":true,"href":"https:\/\/bojornal.pt\/index.php?rest_route=%2Fwp%2Fv2%2Ftags&post=7629"}],"curies":[{"name":"wp","href":"https:\/\/api.w.org\/{rel}","templated":true}]}}