{"id":7622,"date":"2018-01-22T12:09:14","date_gmt":"2018-01-22T12:09:14","guid":{"rendered":"http:\/\/bojornal.pt\/?p=7622"},"modified":"2018-01-23T12:14:15","modified_gmt":"2018-01-23T12:14:15","slug":"escola-das-beatas-canta-os-reis","status":"publish","type":"post","link":"https:\/\/bojornal.pt\/?p=7622","title":{"rendered":"Escola das Beatas canta os Reis"},"content":{"rendered":"<p>&nbsp;<\/p>\n<p>Na \u00e9poca festiva dos Reis, a Escola Sede do Agrupamento Em\u00eddio Garcia recebeu uma visita especial: os alunos da Escola B\u00e1sica das Beatas que se deslocaram ao Liceu para o tradicional Cantar dos Reis.<\/p>\n","protected":false},"excerpt":{"rendered":"<p>&nbsp; Na \u00e9poca festiva dos Reis, a Escola Sede do Agrupamento Em\u00eddio Garcia recebeu uma visita especial: os alunos da Escola B\u00e1sica das Beatas que se deslocaram ao Liceu para o tradicional Cantar dos&#46;&#46;&#46;<\/p>\n","protected":false},"author":3,"featured_media":7623,"comment_status":"closed","ping_status":"closed","sticky":false,"template":"","format":"gallery","meta":{"footnotes":""},"categories":[14,2,9],"tags":[],"class_list":["post-7622","post","type-post","status-publish","format-gallery","has-post-thumbnail","hentry","category-1o-ciclo","category-atualidade","category-em-foco","post_format-post-format-gallery"],"_links":{"self":[{"href":"https:\/\/bojornal.pt\/index.php?rest_route=\/wp\/v2\/posts\/7622","targetHints":{"allow":["GET"]}}],"collection":[{"href":"https:\/\/bojornal.pt\/index.php?rest_route=\/wp\/v2\/posts"}],"about":[{"href":"https:\/\/bojornal.pt\/index.php?rest_route=\/wp\/v2\/types\/post"}],"author":[{"embeddable":true,"href":"https:\/\/bojornal.pt\/index.php?rest_route=\/wp\/v2\/users\/3"}],"replies":[{"embeddable":true,"href":"https:\/\/bojornal.pt\/index.php?rest_route=%2Fwp%2Fv2%2Fcomments&post=7622"}],"version-history":[{"count":0,"href":"https:\/\/bojornal.pt\/index.php?rest_route=\/wp\/v2\/posts\/7622\/revisions"}],"wp:featuredmedia":[{"embeddable":true,"href":"https:\/\/bojornal.pt\/index.php?rest_route=\/wp\/v2\/media\/7623"}],"wp:attachment":[{"href":"https:\/\/bojornal.pt\/index.php?rest_route=%2Fwp%2Fv2%2Fmedia&parent=7622"}],"wp:term":[{"taxonomy":"category","embeddable":true,"href":"https:\/\/bojornal.pt\/index.php?rest_route=%2Fwp%2Fv2%2Fcategories&post=7622"},{"taxonomy":"post_tag","embeddable":true,"href":"https:\/\/bojornal.pt\/index.php?rest_route=%2Fwp%2Fv2%2Ftags&post=7622"}],"curies":[{"name":"wp","href":"https:\/\/api.w.org\/{rel}","templated":true}]}}