{"id":7325,"date":"2017-12-26T13:02:03","date_gmt":"2017-12-26T13:02:03","guid":{"rendered":"http:\/\/bojornal.pt\/?p=7325"},"modified":"2017-12-28T13:22:05","modified_gmt":"2017-12-28T13:22:05","slug":"festa-de-natal-na-escola-paulo-quintela","status":"publish","type":"post","link":"https:\/\/bojornal.pt\/?p=7325","title":{"rendered":"Festa de Natal na Escola  Paulo Quintela"},"content":{"rendered":"<p>A Escola Paulo Quintela encerrou o ano primeiro per\u00edodo com a habitual Festa de Natal, marcada por muita m\u00fasica e anima\u00e7\u00e3o. O sal\u00e3o de conv\u00edvio foi palco de momentos musicais, de dan\u00e7a, entre outras atividades promovidas pelas diversas \u00e1reas disciplinares. Os alunos participaram, ainda, num concurso Kahoot sobre o Natal.<\/p>\n","protected":false},"excerpt":{"rendered":"<p>A Escola Paulo Quintela encerrou o ano primeiro per\u00edodo com a habitual Festa de Natal, marcada por muita m\u00fasica e anima\u00e7\u00e3o. O sal\u00e3o de conv\u00edvio foi palco de momentos musicais, de dan\u00e7a, entre outras&#46;&#46;&#46;<\/p>\n","protected":false},"author":3,"featured_media":7342,"comment_status":"closed","ping_status":"closed","sticky":false,"template":"","format":"gallery","meta":{"footnotes":""},"categories":[2,9,13],"tags":[],"class_list":["post-7325","post","type-post","status-publish","format-gallery","has-post-thumbnail","hentry","category-atualidade","category-em-foco","category-escola-paulo-quintela","post_format-post-format-gallery"],"_links":{"self":[{"href":"https:\/\/bojornal.pt\/index.php?rest_route=\/wp\/v2\/posts\/7325","targetHints":{"allow":["GET"]}}],"collection":[{"href":"https:\/\/bojornal.pt\/index.php?rest_route=\/wp\/v2\/posts"}],"about":[{"href":"https:\/\/bojornal.pt\/index.php?rest_route=\/wp\/v2\/types\/post"}],"author":[{"embeddable":true,"href":"https:\/\/bojornal.pt\/index.php?rest_route=\/wp\/v2\/users\/3"}],"replies":[{"embeddable":true,"href":"https:\/\/bojornal.pt\/index.php?rest_route=%2Fwp%2Fv2%2Fcomments&post=7325"}],"version-history":[{"count":0,"href":"https:\/\/bojornal.pt\/index.php?rest_route=\/wp\/v2\/posts\/7325\/revisions"}],"wp:featuredmedia":[{"embeddable":true,"href":"https:\/\/bojornal.pt\/index.php?rest_route=\/wp\/v2\/media\/7342"}],"wp:attachment":[{"href":"https:\/\/bojornal.pt\/index.php?rest_route=%2Fwp%2Fv2%2Fmedia&parent=7325"}],"wp:term":[{"taxonomy":"category","embeddable":true,"href":"https:\/\/bojornal.pt\/index.php?rest_route=%2Fwp%2Fv2%2Fcategories&post=7325"},{"taxonomy":"post_tag","embeddable":true,"href":"https:\/\/bojornal.pt\/index.php?rest_route=%2Fwp%2Fv2%2Ftags&post=7325"}],"curies":[{"name":"wp","href":"https:\/\/api.w.org\/{rel}","templated":true}]}}