{"id":7266,"date":"2017-12-13T00:41:25","date_gmt":"2017-12-13T00:41:25","guid":{"rendered":"http:\/\/bojornal.pt\/?p=7266"},"modified":"2017-12-13T00:41:25","modified_gmt":"2017-12-13T00:41:25","slug":"emrc-assinala-dia-internacional-dos-direitos-humanos","status":"publish","type":"post","link":"https:\/\/bojornal.pt\/?p=7266","title":{"rendered":"EMRC assinala Dia Internacional dos Direitos Humanos"},"content":{"rendered":"<p>&nbsp;<\/p>\n<p>A disciplina de Educa\u00e7\u00e3o Moral e Religiosa Cat\u00f3lica (EMRC) assinalou o Dia Internacional dos Direitos Humanos atrav\u00e9s da exposi\u00e7\u00e3o de trabalhos alusivos \u00e0 Declara\u00e7\u00e3o Universal dos Direitos Humanos. Os alunos de 9\u00ba ano fizeram uma exposi\u00e7\u00e3o com imagens e textos de opini\u00e3o sobre cada um dos artigos da Declara\u00e7\u00e3o. Por seu lado, os alunos do ensino secund\u00e1rio, inscritos em EMRC, produziram v\u00eddeos alusivos aos direitos humanos que foram reproduzidos no Sal\u00e3o de Conv\u00edvio da Escola Em\u00eddio Garcia.<\/p>\n<p>&nbsp;<\/p>\n","protected":false},"excerpt":{"rendered":"<p>&nbsp; A disciplina de Educa\u00e7\u00e3o Moral e Religiosa Cat\u00f3lica (EMRC) assinalou o Dia Internacional dos Direitos Humanos atrav\u00e9s da exposi\u00e7\u00e3o de trabalhos alusivos \u00e0 Declara\u00e7\u00e3o Universal dos Direitos Humanos. Os alunos de 9\u00ba ano&#46;&#46;&#46;<\/p>\n","protected":false},"author":3,"featured_media":7269,"comment_status":"closed","ping_status":"closed","sticky":false,"template":"","format":"gallery","meta":{"footnotes":""},"categories":[2,9,16],"tags":[],"class_list":["post-7266","post","type-post","status-publish","format-gallery","has-post-thumbnail","hentry","category-atualidade","category-em-foco","category-escola-secundaria-emidio-garcia","post_format-post-format-gallery"],"_links":{"self":[{"href":"https:\/\/bojornal.pt\/index.php?rest_route=\/wp\/v2\/posts\/7266","targetHints":{"allow":["GET"]}}],"collection":[{"href":"https:\/\/bojornal.pt\/index.php?rest_route=\/wp\/v2\/posts"}],"about":[{"href":"https:\/\/bojornal.pt\/index.php?rest_route=\/wp\/v2\/types\/post"}],"author":[{"embeddable":true,"href":"https:\/\/bojornal.pt\/index.php?rest_route=\/wp\/v2\/users\/3"}],"replies":[{"embeddable":true,"href":"https:\/\/bojornal.pt\/index.php?rest_route=%2Fwp%2Fv2%2Fcomments&post=7266"}],"version-history":[{"count":0,"href":"https:\/\/bojornal.pt\/index.php?rest_route=\/wp\/v2\/posts\/7266\/revisions"}],"wp:featuredmedia":[{"embeddable":true,"href":"https:\/\/bojornal.pt\/index.php?rest_route=\/wp\/v2\/media\/7269"}],"wp:attachment":[{"href":"https:\/\/bojornal.pt\/index.php?rest_route=%2Fwp%2Fv2%2Fmedia&parent=7266"}],"wp:term":[{"taxonomy":"category","embeddable":true,"href":"https:\/\/bojornal.pt\/index.php?rest_route=%2Fwp%2Fv2%2Fcategories&post=7266"},{"taxonomy":"post_tag","embeddable":true,"href":"https:\/\/bojornal.pt\/index.php?rest_route=%2Fwp%2Fv2%2Ftags&post=7266"}],"curies":[{"name":"wp","href":"https:\/\/api.w.org\/{rel}","templated":true}]}}