{"id":7225,"date":"2017-12-12T23:35:11","date_gmt":"2017-12-12T23:35:11","guid":{"rendered":"http:\/\/bojornal.pt\/?p=7225"},"modified":"2017-12-12T23:35:11","modified_gmt":"2017-12-12T23:35:11","slug":"estendal-dos-direitos-das-criancas-no-centro-escolar-da-se","status":"publish","type":"post","link":"https:\/\/bojornal.pt\/?p=7225","title":{"rendered":"&#8220;Estendal dos Direitos das Crian\u00e7as&#8221; no Centro Escolar da S\u00e9"},"content":{"rendered":"<p class=\"m_7914302900093902106gmail-MsoNormal\" style=\"text-align: left;\" align=\"center\">\n<p class=\"m_7914302900093902106gmail-MsoNormal\" style=\"text-align: left;\" align=\"center\">O Centro Escolar da S\u00e9 assinalou os Direitos das Crian\u00e7as atrav\u00e9s da elabora\u00e7\u00e3o de um estendal. A ideia foi a resposta\u00a0ao desafio lan\u00e7ado pelo &#8220;Estendal dos Direitos das Crian\u00e7as&#8221;, lan\u00e7ado pela Comiss\u00e3o Nacional de Promo\u00e7\u00e3o das Crian\u00e7as e Jovens e do Programa Escolhas.<\/p>\n<p class=\"m_7914302900093902106gmail-MsoNormal\" style=\"text-align: left;\" align=\"center\">A Conven\u00e7\u00e3o sobre os Direitos das Crian\u00e7as, documento\u00a0elaborado pela UNICEF foi adotado pela Assembleia Geral das Na\u00e7\u00f5es Unidas, em 20 de novembro de 1989.<\/p>\n<p class=\"m_7914302900093902106gmail-MsoNormal\">Portugal aceitou este documento em 21 de setembro de 1990.<\/p>\n<p class=\"m_7914302900093902106gmail-MsoNormal\">\n","protected":false},"excerpt":{"rendered":"<p>O Centro Escolar da S\u00e9 assinalou os Direitos das Crian\u00e7as atrav\u00e9s da elabora\u00e7\u00e3o de um estendal. A ideia foi a resposta\u00a0ao desafio lan\u00e7ado pelo &#8220;Estendal dos Direitos das Crian\u00e7as&#8221;, lan\u00e7ado pela Comiss\u00e3o Nacional de&#46;&#46;&#46;<\/p>\n","protected":false},"author":3,"featured_media":7262,"comment_status":"closed","ping_status":"closed","sticky":false,"template":"","format":"gallery","meta":{"footnotes":""},"categories":[14,2,9],"tags":[],"class_list":["post-7225","post","type-post","status-publish","format-gallery","has-post-thumbnail","hentry","category-1o-ciclo","category-atualidade","category-em-foco","post_format-post-format-gallery"],"_links":{"self":[{"href":"https:\/\/bojornal.pt\/index.php?rest_route=\/wp\/v2\/posts\/7225","targetHints":{"allow":["GET"]}}],"collection":[{"href":"https:\/\/bojornal.pt\/index.php?rest_route=\/wp\/v2\/posts"}],"about":[{"href":"https:\/\/bojornal.pt\/index.php?rest_route=\/wp\/v2\/types\/post"}],"author":[{"embeddable":true,"href":"https:\/\/bojornal.pt\/index.php?rest_route=\/wp\/v2\/users\/3"}],"replies":[{"embeddable":true,"href":"https:\/\/bojornal.pt\/index.php?rest_route=%2Fwp%2Fv2%2Fcomments&post=7225"}],"version-history":[{"count":0,"href":"https:\/\/bojornal.pt\/index.php?rest_route=\/wp\/v2\/posts\/7225\/revisions"}],"wp:featuredmedia":[{"embeddable":true,"href":"https:\/\/bojornal.pt\/index.php?rest_route=\/wp\/v2\/media\/7262"}],"wp:attachment":[{"href":"https:\/\/bojornal.pt\/index.php?rest_route=%2Fwp%2Fv2%2Fmedia&parent=7225"}],"wp:term":[{"taxonomy":"category","embeddable":true,"href":"https:\/\/bojornal.pt\/index.php?rest_route=%2Fwp%2Fv2%2Fcategories&post=7225"},{"taxonomy":"post_tag","embeddable":true,"href":"https:\/\/bojornal.pt\/index.php?rest_route=%2Fwp%2Fv2%2Ftags&post=7225"}],"curies":[{"name":"wp","href":"https:\/\/api.w.org\/{rel}","templated":true}]}}