{"id":7214,"date":"2017-12-10T22:35:39","date_gmt":"2017-12-10T22:35:39","guid":{"rendered":"http:\/\/bojornal.pt\/?p=7214"},"modified":"2017-12-10T22:38:08","modified_gmt":"2017-12-10T22:38:08","slug":"3xl-em-espetaculo-de-natal-solidario","status":"publish","type":"post","link":"https:\/\/bojornal.pt\/?p=7214","title":{"rendered":"3XL em espet\u00e1culo de comemora\u00e7\u00e3o do Dia Internacional da Pessoa com Defici\u00eancia"},"content":{"rendered":"<p>O grupo de dan\u00e7a da Escola Em\u00eddio Garcia &#8211; 3XL participou no &#8220;Natal XXL&#8221; promovido pela APADI, representando o agrupamento em mais uma iniciativa solid\u00e1ria.\u00a0Esta atividade\u00a0realizada no Bragan\u00e7a Shopping, no passado dia 7 de dezembro, \u00e9 o culminar de v\u00e1rias iniciativas desenvolvidas pela\u00a0APADI no \u00e2mbito da comemora\u00e7\u00e3o do Dia Internacional da Pessoa com Defici\u00eancia 2017.<\/p>\n","protected":false},"excerpt":{"rendered":"<p>O grupo de dan\u00e7a da Escola Em\u00eddio Garcia &#8211; 3XL participou no &#8220;Natal XXL&#8221; promovido pela APADI, representando o agrupamento em mais uma iniciativa solid\u00e1ria.\u00a0Esta atividade\u00a0realizada no Bragan\u00e7a Shopping, no passado dia 7 de&#46;&#46;&#46;<\/p>\n","protected":false},"author":3,"featured_media":7215,"comment_status":"closed","ping_status":"closed","sticky":false,"template":"","format":"gallery","meta":{"footnotes":""},"categories":[2,9,16],"tags":[],"class_list":["post-7214","post","type-post","status-publish","format-gallery","has-post-thumbnail","hentry","category-atualidade","category-em-foco","category-escola-secundaria-emidio-garcia","post_format-post-format-gallery"],"_links":{"self":[{"href":"https:\/\/bojornal.pt\/index.php?rest_route=\/wp\/v2\/posts\/7214","targetHints":{"allow":["GET"]}}],"collection":[{"href":"https:\/\/bojornal.pt\/index.php?rest_route=\/wp\/v2\/posts"}],"about":[{"href":"https:\/\/bojornal.pt\/index.php?rest_route=\/wp\/v2\/types\/post"}],"author":[{"embeddable":true,"href":"https:\/\/bojornal.pt\/index.php?rest_route=\/wp\/v2\/users\/3"}],"replies":[{"embeddable":true,"href":"https:\/\/bojornal.pt\/index.php?rest_route=%2Fwp%2Fv2%2Fcomments&post=7214"}],"version-history":[{"count":0,"href":"https:\/\/bojornal.pt\/index.php?rest_route=\/wp\/v2\/posts\/7214\/revisions"}],"wp:featuredmedia":[{"embeddable":true,"href":"https:\/\/bojornal.pt\/index.php?rest_route=\/wp\/v2\/media\/7215"}],"wp:attachment":[{"href":"https:\/\/bojornal.pt\/index.php?rest_route=%2Fwp%2Fv2%2Fmedia&parent=7214"}],"wp:term":[{"taxonomy":"category","embeddable":true,"href":"https:\/\/bojornal.pt\/index.php?rest_route=%2Fwp%2Fv2%2Fcategories&post=7214"},{"taxonomy":"post_tag","embeddable":true,"href":"https:\/\/bojornal.pt\/index.php?rest_route=%2Fwp%2Fv2%2Ftags&post=7214"}],"curies":[{"name":"wp","href":"https:\/\/api.w.org\/{rel}","templated":true}]}}