{"id":7158,"date":"2017-11-30T09:50:10","date_gmt":"2017-11-30T09:50:10","guid":{"rendered":"http:\/\/bojornal.pt\/?p=7158"},"modified":"2017-11-30T09:51:38","modified_gmt":"2017-11-30T09:51:38","slug":"centro-escolar-da-se-participa-no-mascararte","status":"publish","type":"post","link":"https:\/\/bojornal.pt\/?p=7158","title":{"rendered":"Centro Escolar da S\u00e9 participa no Mascararte"},"content":{"rendered":"<p>&nbsp;<\/p>\n<p>O Centro Escolar da S\u00e9 vai participar mais uma vez no Mascararte. Como j\u00e1 \u00e9 habitual, o Agrupamento de Escolas Em\u00eddio Garcia participa nesta iniciativa do Munic\u00edpio de Bragan\u00e7a com diversos trabalhos. O Centro Escolar da S\u00e9 j\u00e1 concluiu o trabalho que ser\u00e1 apresentado na VIII Bienal da M\u00e1scara entre os dias 30 de novembro e 05 de dezembro de 2017.<\/p>\n","protected":false},"excerpt":{"rendered":"<p>&nbsp; O Centro Escolar da S\u00e9 vai participar mais uma vez no Mascararte. Como j\u00e1 \u00e9 habitual, o Agrupamento de Escolas Em\u00eddio Garcia participa nesta iniciativa do Munic\u00edpio de Bragan\u00e7a com diversos trabalhos. O&#46;&#46;&#46;<\/p>\n","protected":false},"author":3,"featured_media":7165,"comment_status":"closed","ping_status":"closed","sticky":false,"template":"","format":"gallery","meta":{"footnotes":""},"categories":[14,2,9],"tags":[],"class_list":["post-7158","post","type-post","status-publish","format-gallery","has-post-thumbnail","hentry","category-1o-ciclo","category-atualidade","category-em-foco","post_format-post-format-gallery"],"_links":{"self":[{"href":"https:\/\/bojornal.pt\/index.php?rest_route=\/wp\/v2\/posts\/7158","targetHints":{"allow":["GET"]}}],"collection":[{"href":"https:\/\/bojornal.pt\/index.php?rest_route=\/wp\/v2\/posts"}],"about":[{"href":"https:\/\/bojornal.pt\/index.php?rest_route=\/wp\/v2\/types\/post"}],"author":[{"embeddable":true,"href":"https:\/\/bojornal.pt\/index.php?rest_route=\/wp\/v2\/users\/3"}],"replies":[{"embeddable":true,"href":"https:\/\/bojornal.pt\/index.php?rest_route=%2Fwp%2Fv2%2Fcomments&post=7158"}],"version-history":[{"count":0,"href":"https:\/\/bojornal.pt\/index.php?rest_route=\/wp\/v2\/posts\/7158\/revisions"}],"wp:featuredmedia":[{"embeddable":true,"href":"https:\/\/bojornal.pt\/index.php?rest_route=\/wp\/v2\/media\/7165"}],"wp:attachment":[{"href":"https:\/\/bojornal.pt\/index.php?rest_route=%2Fwp%2Fv2%2Fmedia&parent=7158"}],"wp:term":[{"taxonomy":"category","embeddable":true,"href":"https:\/\/bojornal.pt\/index.php?rest_route=%2Fwp%2Fv2%2Fcategories&post=7158"},{"taxonomy":"post_tag","embeddable":true,"href":"https:\/\/bojornal.pt\/index.php?rest_route=%2Fwp%2Fv2%2Ftags&post=7158"}],"curies":[{"name":"wp","href":"https:\/\/api.w.org\/{rel}","templated":true}]}}