{"id":7131,"date":"2017-11-28T10:01:04","date_gmt":"2017-11-28T10:01:04","guid":{"rendered":"http:\/\/bojornal.pt\/?p=7131"},"modified":"2017-11-28T10:01:04","modified_gmt":"2017-11-28T10:01:04","slug":"alunos-de-emrc-visitam-seminario-de-s-jose","status":"publish","type":"post","link":"https:\/\/bojornal.pt\/?p=7131","title":{"rendered":"Alunos de EMRC visitam Semin\u00e1rio de S.Jos\u00e9"},"content":{"rendered":"<p>&nbsp;<\/p>\n<p>Os alunos de Educa\u00e7\u00e3o Moral e Religiosa Cat\u00f3lica (EMRC) das turmas B, D e E do\u00a09\u00ba ano de escolaridade fizeram uma visita ao Semin\u00e1rio de S.Jos\u00e9 de Bragan\u00e7a. Esta foi a melhor forma do agrupamento assinalar a Semana dos Semin\u00e1rios, numa atividade em que os alunos tiveram a oportunidade de conhecerem o espa\u00e7o f\u00edsico do semin\u00e1rio e de contactarem com alguns seminaristas, alguns deles alunos do Liceu.<\/p>\n","protected":false},"excerpt":{"rendered":"<p>&nbsp; Os alunos de Educa\u00e7\u00e3o Moral e Religiosa Cat\u00f3lica (EMRC) das turmas B, D e E do\u00a09\u00ba ano de escolaridade fizeram uma visita ao Semin\u00e1rio de S.Jos\u00e9 de Bragan\u00e7a. Esta foi a melhor forma&#46;&#46;&#46;<\/p>\n","protected":false},"author":3,"featured_media":7155,"comment_status":"closed","ping_status":"closed","sticky":false,"template":"","format":"gallery","meta":{"footnotes":""},"categories":[2,9,16],"tags":[],"class_list":["post-7131","post","type-post","status-publish","format-gallery","has-post-thumbnail","hentry","category-atualidade","category-em-foco","category-escola-secundaria-emidio-garcia","post_format-post-format-gallery"],"_links":{"self":[{"href":"https:\/\/bojornal.pt\/index.php?rest_route=\/wp\/v2\/posts\/7131","targetHints":{"allow":["GET"]}}],"collection":[{"href":"https:\/\/bojornal.pt\/index.php?rest_route=\/wp\/v2\/posts"}],"about":[{"href":"https:\/\/bojornal.pt\/index.php?rest_route=\/wp\/v2\/types\/post"}],"author":[{"embeddable":true,"href":"https:\/\/bojornal.pt\/index.php?rest_route=\/wp\/v2\/users\/3"}],"replies":[{"embeddable":true,"href":"https:\/\/bojornal.pt\/index.php?rest_route=%2Fwp%2Fv2%2Fcomments&post=7131"}],"version-history":[{"count":0,"href":"https:\/\/bojornal.pt\/index.php?rest_route=\/wp\/v2\/posts\/7131\/revisions"}],"wp:featuredmedia":[{"embeddable":true,"href":"https:\/\/bojornal.pt\/index.php?rest_route=\/wp\/v2\/media\/7155"}],"wp:attachment":[{"href":"https:\/\/bojornal.pt\/index.php?rest_route=%2Fwp%2Fv2%2Fmedia&parent=7131"}],"wp:term":[{"taxonomy":"category","embeddable":true,"href":"https:\/\/bojornal.pt\/index.php?rest_route=%2Fwp%2Fv2%2Fcategories&post=7131"},{"taxonomy":"post_tag","embeddable":true,"href":"https:\/\/bojornal.pt\/index.php?rest_route=%2Fwp%2Fv2%2Ftags&post=7131"}],"curies":[{"name":"wp","href":"https:\/\/api.w.org\/{rel}","templated":true}]}}