{"id":7123,"date":"2017-11-27T15:04:32","date_gmt":"2017-11-27T15:04:32","guid":{"rendered":"http:\/\/bojornal.pt\/?p=7123"},"modified":"2017-11-27T15:04:32","modified_gmt":"2017-11-27T15:04:32","slug":"dia-internacional-do-pijama","status":"publish","type":"post","link":"https:\/\/bojornal.pt\/?p=7123","title":{"rendered":"Dia Internacional do Pijama"},"content":{"rendered":"<p>&nbsp;<\/p>\n<p>Os alunos do Centro Escolar da S\u00e9 assinalaram, no passado dia 20 de novrmbro, o Dia Internacional do Pijama. Esta data tem uma base l\u00fadica, educativa e solid\u00e1ria\u00a0evisa defender o direito de todas as crian\u00e7as crescerem no seio de uma fam\u00edlia, especialmente as crian\u00e7as que, por diversas raz\u00f5es, est\u00e3o separadas das suas fam\u00edlias biol\u00f3gicas. Desta forma, os alunos levaram o pijama para a escola e participaram nas\u00a0 atividades de leitura promovidas pela biblioteca escolar.<\/p>\n<p>&nbsp;<\/p>\n","protected":false},"excerpt":{"rendered":"<p>&nbsp; Os alunos do Centro Escolar da S\u00e9 assinalaram, no passado dia 20 de novrmbro, o Dia Internacional do Pijama. Esta data tem uma base l\u00fadica, educativa e solid\u00e1ria\u00a0evisa defender o direito de todas&#46;&#46;&#46;<\/p>\n","protected":false},"author":3,"featured_media":7128,"comment_status":"closed","ping_status":"closed","sticky":false,"template":"","format":"gallery","meta":{"footnotes":""},"categories":[14,2,3,9],"tags":[],"class_list":["post-7123","post","type-post","status-publish","format-gallery","has-post-thumbnail","hentry","category-1o-ciclo","category-atualidade","category-cultura","category-em-foco","post_format-post-format-gallery"],"_links":{"self":[{"href":"https:\/\/bojornal.pt\/index.php?rest_route=\/wp\/v2\/posts\/7123","targetHints":{"allow":["GET"]}}],"collection":[{"href":"https:\/\/bojornal.pt\/index.php?rest_route=\/wp\/v2\/posts"}],"about":[{"href":"https:\/\/bojornal.pt\/index.php?rest_route=\/wp\/v2\/types\/post"}],"author":[{"embeddable":true,"href":"https:\/\/bojornal.pt\/index.php?rest_route=\/wp\/v2\/users\/3"}],"replies":[{"embeddable":true,"href":"https:\/\/bojornal.pt\/index.php?rest_route=%2Fwp%2Fv2%2Fcomments&post=7123"}],"version-history":[{"count":0,"href":"https:\/\/bojornal.pt\/index.php?rest_route=\/wp\/v2\/posts\/7123\/revisions"}],"wp:featuredmedia":[{"embeddable":true,"href":"https:\/\/bojornal.pt\/index.php?rest_route=\/wp\/v2\/media\/7128"}],"wp:attachment":[{"href":"https:\/\/bojornal.pt\/index.php?rest_route=%2Fwp%2Fv2%2Fmedia&parent=7123"}],"wp:term":[{"taxonomy":"category","embeddable":true,"href":"https:\/\/bojornal.pt\/index.php?rest_route=%2Fwp%2Fv2%2Fcategories&post=7123"},{"taxonomy":"post_tag","embeddable":true,"href":"https:\/\/bojornal.pt\/index.php?rest_route=%2Fwp%2Fv2%2Ftags&post=7123"}],"curies":[{"name":"wp","href":"https:\/\/api.w.org\/{rel}","templated":true}]}}