{"id":7109,"date":"2017-11-20T22:32:52","date_gmt":"2017-11-20T22:32:52","guid":{"rendered":"http:\/\/bojornal.pt\/?p=7109"},"modified":"2017-11-27T14:52:51","modified_gmt":"2017-11-27T14:52:51","slug":"agrupamento-em-destaque-no-corta-mato-distrital","status":"publish","type":"post","link":"https:\/\/bojornal.pt\/?p=7109","title":{"rendered":"Agrupamento em destaque no corta-mato distrital"},"content":{"rendered":"<p>&nbsp;<\/p>\n<p>O Agrupamento de Escolas Em\u00eddio Garcia esteve mais uma vez em destaque no Desporto Escolar. Desta vez, o AEEG conseguiu v\u00e1rios lugares de p\u00f3dio no corta-mato distrital realizado em Mirandela, no passado dia 20 de Novembro. Foram alcan\u00e7ados\u00a0cinco primeiros lugares em individual juvenil masculino e feminino (Jo\u00e3o Ferreira e Eva Fernandes) e de equipas no mesmo escal\u00e3o em infantil A masculino. Para al\u00e9m destas distintas classifica\u00e7\u00f5es, os alunos do agrupamento conseguiram ainda um precioso segundo lugar de equipas em iniciados masculinos e tr\u00eas terceiros lugares em juvenis masculinos, infantil A feminino individual (Bianca Gon\u00e7alves, 5\u00baH) e de equipa.<\/p>\n<p>Todos estes alunos ir\u00e3o participar na prova nacional agendada para os dias 23 e 24 de Fevereiro, em A\u00e7oteias, no Algarve.<\/p>\n<p>&nbsp;<\/p>\n<div><\/div>\n","protected":false},"excerpt":{"rendered":"<p>&nbsp; O Agrupamento de Escolas Em\u00eddio Garcia esteve mais uma vez em destaque no Desporto Escolar. Desta vez, o AEEG conseguiu v\u00e1rios lugares de p\u00f3dio no corta-mato distrital realizado em Mirandela, no passado dia&#46;&#46;&#46;<\/p>\n","protected":false},"author":3,"featured_media":7113,"comment_status":"closed","ping_status":"closed","sticky":false,"template":"","format":"gallery","meta":{"footnotes":""},"categories":[2,9,13,16],"tags":[],"class_list":["post-7109","post","type-post","status-publish","format-gallery","has-post-thumbnail","hentry","category-atualidade","category-em-foco","category-escola-paulo-quintela","category-escola-secundaria-emidio-garcia","post_format-post-format-gallery"],"_links":{"self":[{"href":"https:\/\/bojornal.pt\/index.php?rest_route=\/wp\/v2\/posts\/7109","targetHints":{"allow":["GET"]}}],"collection":[{"href":"https:\/\/bojornal.pt\/index.php?rest_route=\/wp\/v2\/posts"}],"about":[{"href":"https:\/\/bojornal.pt\/index.php?rest_route=\/wp\/v2\/types\/post"}],"author":[{"embeddable":true,"href":"https:\/\/bojornal.pt\/index.php?rest_route=\/wp\/v2\/users\/3"}],"replies":[{"embeddable":true,"href":"https:\/\/bojornal.pt\/index.php?rest_route=%2Fwp%2Fv2%2Fcomments&post=7109"}],"version-history":[{"count":0,"href":"https:\/\/bojornal.pt\/index.php?rest_route=\/wp\/v2\/posts\/7109\/revisions"}],"wp:featuredmedia":[{"embeddable":true,"href":"https:\/\/bojornal.pt\/index.php?rest_route=\/wp\/v2\/media\/7113"}],"wp:attachment":[{"href":"https:\/\/bojornal.pt\/index.php?rest_route=%2Fwp%2Fv2%2Fmedia&parent=7109"}],"wp:term":[{"taxonomy":"category","embeddable":true,"href":"https:\/\/bojornal.pt\/index.php?rest_route=%2Fwp%2Fv2%2Fcategories&post=7109"},{"taxonomy":"post_tag","embeddable":true,"href":"https:\/\/bojornal.pt\/index.php?rest_route=%2Fwp%2Fv2%2Ftags&post=7109"}],"curies":[{"name":"wp","href":"https:\/\/api.w.org\/{rel}","templated":true}]}}