{"id":7058,"date":"2017-11-17T00:06:15","date_gmt":"2017-11-17T00:06:15","guid":{"rendered":"http:\/\/bojornal.pt\/?p=7058"},"modified":"2017-11-17T00:06:47","modified_gmt":"2017-11-17T00:06:47","slug":"7058","status":"publish","type":"post","link":"https:\/\/bojornal.pt\/?p=7058","title":{"rendered":"Magusto na Escola Em\u00eddio Garcia"},"content":{"rendered":"<p>&nbsp;<\/p>\n<p>A Escola Em\u00eddio Garcia realizou o tradicional Magusto, iniciativa dinamizada pela Associa\u00e7\u00e3o de Estudantes, a \u00e1rea disciplinar de Educa\u00e7\u00e3o F\u00edsica e pelo Projeto de Sa\u00fade Escolar e que contou com diversas atividades. Os alunos tiveram a oportunidade de participar em diversos jogos tradicionais, em oficinas de dan\u00e7a e na campanha de sensibiliza\u00e7\u00e3o\/informa\u00e7\u00e3o sobre a preven\u00e7\u00e3o do tabagismo.<\/p>\n","protected":false},"excerpt":{"rendered":"<p>&nbsp; A Escola Em\u00eddio Garcia realizou o tradicional Magusto, iniciativa dinamizada pela Associa\u00e7\u00e3o de Estudantes, a \u00e1rea disciplinar de Educa\u00e7\u00e3o F\u00edsica e pelo Projeto de Sa\u00fade Escolar e que contou com diversas atividades. Os&#46;&#46;&#46;<\/p>\n","protected":false},"author":3,"featured_media":7082,"comment_status":"closed","ping_status":"closed","sticky":false,"template":"","format":"gallery","meta":{"footnotes":""},"categories":[2,9,16],"tags":[],"class_list":["post-7058","post","type-post","status-publish","format-gallery","has-post-thumbnail","hentry","category-atualidade","category-em-foco","category-escola-secundaria-emidio-garcia","post_format-post-format-gallery"],"_links":{"self":[{"href":"https:\/\/bojornal.pt\/index.php?rest_route=\/wp\/v2\/posts\/7058","targetHints":{"allow":["GET"]}}],"collection":[{"href":"https:\/\/bojornal.pt\/index.php?rest_route=\/wp\/v2\/posts"}],"about":[{"href":"https:\/\/bojornal.pt\/index.php?rest_route=\/wp\/v2\/types\/post"}],"author":[{"embeddable":true,"href":"https:\/\/bojornal.pt\/index.php?rest_route=\/wp\/v2\/users\/3"}],"replies":[{"embeddable":true,"href":"https:\/\/bojornal.pt\/index.php?rest_route=%2Fwp%2Fv2%2Fcomments&post=7058"}],"version-history":[{"count":0,"href":"https:\/\/bojornal.pt\/index.php?rest_route=\/wp\/v2\/posts\/7058\/revisions"}],"wp:featuredmedia":[{"embeddable":true,"href":"https:\/\/bojornal.pt\/index.php?rest_route=\/wp\/v2\/media\/7082"}],"wp:attachment":[{"href":"https:\/\/bojornal.pt\/index.php?rest_route=%2Fwp%2Fv2%2Fmedia&parent=7058"}],"wp:term":[{"taxonomy":"category","embeddable":true,"href":"https:\/\/bojornal.pt\/index.php?rest_route=%2Fwp%2Fv2%2Fcategories&post=7058"},{"taxonomy":"post_tag","embeddable":true,"href":"https:\/\/bojornal.pt\/index.php?rest_route=%2Fwp%2Fv2%2Ftags&post=7058"}],"curies":[{"name":"wp","href":"https:\/\/api.w.org\/{rel}","templated":true}]}}