{"id":7025,"date":"2017-11-15T18:20:40","date_gmt":"2017-11-15T18:20:40","guid":{"rendered":"http:\/\/bojornal.pt\/?p=7025"},"modified":"2017-11-20T14:51:53","modified_gmt":"2017-11-20T14:51:53","slug":"magusto-na-escola-paulo-quintela-2","status":"publish","type":"post","link":"https:\/\/bojornal.pt\/?p=7025","title":{"rendered":"Magusto na Escola Paulo Quintela"},"content":{"rendered":"<p>&nbsp;<\/p>\n<p>A Escola Paulo Quintela acolheu o tradicional magusto das comunidades escolares Paulo Quintela, Campo Redondo e Beatas. Esta iniciativa realizada no passado dia 15 de novembro contou com a participa\u00e7\u00e3o de alunos, professores e auxiliares em diversas atividades de desporto, dan\u00e7a, m\u00fasica e l\u00fadicas.\u00a0O torneio de futsal, as atua\u00e7\u00f5es dos alunos de Educa\u00e7\u00e3o Musical e do Grupo de Dan\u00e7a da Escola Paulo Quintela e os ateli\u00eas de E.V.T e da Sa\u00fade Escolar foram algumas das atividades de destaque deste dia marcante para todos os participantes.<\/p>\n","protected":false},"excerpt":{"rendered":"<p>&nbsp; A Escola Paulo Quintela acolheu o tradicional magusto das comunidades escolares Paulo Quintela, Campo Redondo e Beatas. Esta iniciativa realizada no passado dia 15 de novembro contou com a participa\u00e7\u00e3o de alunos, professores&#46;&#46;&#46;<\/p>\n","protected":false},"author":3,"featured_media":7100,"comment_status":"closed","ping_status":"closed","sticky":false,"template":"","format":"gallery","meta":{"footnotes":""},"categories":[14,2,9,13],"tags":[],"class_list":["post-7025","post","type-post","status-publish","format-gallery","has-post-thumbnail","hentry","category-1o-ciclo","category-atualidade","category-em-foco","category-escola-paulo-quintela","post_format-post-format-gallery"],"_links":{"self":[{"href":"https:\/\/bojornal.pt\/index.php?rest_route=\/wp\/v2\/posts\/7025","targetHints":{"allow":["GET"]}}],"collection":[{"href":"https:\/\/bojornal.pt\/index.php?rest_route=\/wp\/v2\/posts"}],"about":[{"href":"https:\/\/bojornal.pt\/index.php?rest_route=\/wp\/v2\/types\/post"}],"author":[{"embeddable":true,"href":"https:\/\/bojornal.pt\/index.php?rest_route=\/wp\/v2\/users\/3"}],"replies":[{"embeddable":true,"href":"https:\/\/bojornal.pt\/index.php?rest_route=%2Fwp%2Fv2%2Fcomments&post=7025"}],"version-history":[{"count":0,"href":"https:\/\/bojornal.pt\/index.php?rest_route=\/wp\/v2\/posts\/7025\/revisions"}],"wp:featuredmedia":[{"embeddable":true,"href":"https:\/\/bojornal.pt\/index.php?rest_route=\/wp\/v2\/media\/7100"}],"wp:attachment":[{"href":"https:\/\/bojornal.pt\/index.php?rest_route=%2Fwp%2Fv2%2Fmedia&parent=7025"}],"wp:term":[{"taxonomy":"category","embeddable":true,"href":"https:\/\/bojornal.pt\/index.php?rest_route=%2Fwp%2Fv2%2Fcategories&post=7025"},{"taxonomy":"post_tag","embeddable":true,"href":"https:\/\/bojornal.pt\/index.php?rest_route=%2Fwp%2Fv2%2Ftags&post=7025"}],"curies":[{"name":"wp","href":"https:\/\/api.w.org\/{rel}","templated":true}]}}