{"id":7023,"date":"2017-11-15T18:36:36","date_gmt":"2017-11-15T18:36:36","guid":{"rendered":"http:\/\/bojornal.pt\/?p=7023"},"modified":"2017-11-16T14:28:43","modified_gmt":"2017-11-16T14:28:43","slug":"conferencia-do-papel-da-maconaria-na-preparacao-das-revolucoes-em-portugal","status":"publish","type":"post","link":"https:\/\/bojornal.pt\/?p=7023","title":{"rendered":"Confer\u00eancia: &#8220;O papel da Ma\u00e7onaria na prepara\u00e7\u00e3o das revolu\u00e7\u00f5es em Portugal&#8221;"},"content":{"rendered":"<p>&nbsp;<\/p>\n<p>O Audit\u00f3rio da Escola Em\u00eddio Garcia foi palco da confer\u00eancia subordinada ao tema: &#8220;O papel da Ma\u00e7onaria na prepara\u00e7\u00e3o das revolu\u00e7\u00f5es em Portugal&#8221;, orientada pelo Dr. J\u00falio Meirinhos, gr\u00e3o-mestre da Grande Loja Legal de Portugal e dinamizada pelos professores da \u00e1rea disciplinar de Hist\u00f3ria.<\/p>\n<p>Os alunos do ensino secund\u00e1rio tiveram a oportunidade de\u00a0aprofundar a tem\u00e1tica lecionada na \u00e1rea disciplinar de Hist\u00f3ria acerca do percurso hist\u00f3rico da ma\u00e7onaria em Portugal e no mundo e a sua atua\u00e7\u00e3o e import\u00e2ncia nas revolu\u00e7\u00f5es. Nesta iniciativa realizada no dia 15 de novembro, o Dr. J\u00falio Meirinhos teve tamb\u00e9m a oportunidade de responder a algumas\u00a0d\u00favidas colocadas pelos alunos e professores sobre a ma\u00e7onaria.<\/p>\n","protected":false},"excerpt":{"rendered":"<p>&nbsp; O Audit\u00f3rio da Escola Em\u00eddio Garcia foi palco da confer\u00eancia subordinada ao tema: &#8220;O papel da Ma\u00e7onaria na prepara\u00e7\u00e3o das revolu\u00e7\u00f5es em Portugal&#8221;, orientada pelo Dr. J\u00falio Meirinhos, gr\u00e3o-mestre da Grande Loja Legal&#46;&#46;&#46;<\/p>\n","protected":false},"author":3,"featured_media":7039,"comment_status":"closed","ping_status":"closed","sticky":false,"template":"","format":"gallery","meta":{"footnotes":""},"categories":[2,3,9,10],"tags":[],"class_list":["post-7023","post","type-post","status-publish","format-gallery","has-post-thumbnail","hentry","category-atualidade","category-cultura","category-em-foco","category-palestras","post_format-post-format-gallery"],"_links":{"self":[{"href":"https:\/\/bojornal.pt\/index.php?rest_route=\/wp\/v2\/posts\/7023","targetHints":{"allow":["GET"]}}],"collection":[{"href":"https:\/\/bojornal.pt\/index.php?rest_route=\/wp\/v2\/posts"}],"about":[{"href":"https:\/\/bojornal.pt\/index.php?rest_route=\/wp\/v2\/types\/post"}],"author":[{"embeddable":true,"href":"https:\/\/bojornal.pt\/index.php?rest_route=\/wp\/v2\/users\/3"}],"replies":[{"embeddable":true,"href":"https:\/\/bojornal.pt\/index.php?rest_route=%2Fwp%2Fv2%2Fcomments&post=7023"}],"version-history":[{"count":0,"href":"https:\/\/bojornal.pt\/index.php?rest_route=\/wp\/v2\/posts\/7023\/revisions"}],"wp:featuredmedia":[{"embeddable":true,"href":"https:\/\/bojornal.pt\/index.php?rest_route=\/wp\/v2\/media\/7039"}],"wp:attachment":[{"href":"https:\/\/bojornal.pt\/index.php?rest_route=%2Fwp%2Fv2%2Fmedia&parent=7023"}],"wp:term":[{"taxonomy":"category","embeddable":true,"href":"https:\/\/bojornal.pt\/index.php?rest_route=%2Fwp%2Fv2%2Fcategories&post=7023"},{"taxonomy":"post_tag","embeddable":true,"href":"https:\/\/bojornal.pt\/index.php?rest_route=%2Fwp%2Fv2%2Ftags&post=7023"}],"curies":[{"name":"wp","href":"https:\/\/api.w.org\/{rel}","templated":true}]}}