{"id":6992,"date":"2017-11-15T17:26:10","date_gmt":"2017-11-15T17:26:10","guid":{"rendered":"http:\/\/bojornal.pt\/?p=6992"},"modified":"2017-11-15T17:26:10","modified_gmt":"2017-11-15T17:26:10","slug":"be-do-liceu-acolhe-apresentacao-de-obra-inedita-de-norberto-veiga","status":"publish","type":"post","link":"https:\/\/bojornal.pt\/?p=6992","title":{"rendered":"BE do Liceu acolhe apresenta\u00e7\u00e3o de obra in\u00e9dita de Norberto Veiga"},"content":{"rendered":"<p>&nbsp;<\/p>\n<p>A Biblioteca Escolar da Escola Secund\u00e1ria Em\u00eddio Garcia, acolheu, no passado dia 25 de outubro de 2017, a apresenta\u00e7\u00e3o da obra <em>Escritas do Nordeste Ensaios e Recens\u00f5es sobre Autores Transmontanos<\/em>, de Norberto Veiga. Participaram nesta atividade as seguintes turmas: 10.\u00ba F, 11.\u00ba A e 11.\u00ba B, acompanhadas dos respetivos professores.<\/p>\n<p>A professora bibliotec\u00e1ria, Maria do C\u00e9u Afonso, abriu a sess\u00e3o, dando \u00e0s boas-vindas e salientando a import\u00e2ncia desta atividade, entre outras que se realizaram para assinalar o m\u00eas internacional das Bibliotecas Escolares.<\/p>\n<p>Ato cont\u00ednuo, o professor Francisco Jos\u00e9 Lopesfez a apresenta\u00e7\u00e3o do livro, come\u00e7ando por destacar as duas sec\u00e7\u00f5es do mesmo, narrativa e poesia. Asseverou que na narrativa, o autor estuda as obras de sete escritores, dos quais se destaca o escritor Ernesto Rodrigues com cinco ensaios; na poesia, s\u00e3o apreciadas as obras de tr\u00eas autores. O apresentador salientou, ainda, o car\u00e1ter pioneiro desta obra, uma vez que \u00e9 a primeira que faz an\u00e1lise cr\u00edtica de autores transmontanos, tornando-se, assim, numa mais-valia para as obras e os autores trabalhados.<\/p>\n<p>Tomando a palavra, o autorreferiu que o objetivo do livro foi dar a conhecer e divulgar a escrita de nove autores transmontanos, elencando, de seguida, os objetivos que presidiram \u00e0 elabora\u00e7\u00e3o e posterior publica\u00e7\u00e3o do mesmo.<\/p>\n<p>Afirmou que o primeiro tinha aparecido como resposta \u00e0 oferta de v\u00e1rios livros do escritor Ernesto Rodrigues, resultando, desse facto, a sua maior representatividade na obra.O segundo nasceu do repto do diretor do Agrupamento de Escolas de Alf\u00e2ndega da F\u00e9, professor Francisco Jos\u00e9 Lopes, que o desafiou a apresentar algumas obras de autores transmontanos que eram convidados ao Agrupamento ou \u00e0 Biblioteca Municipal daquele concelho.O terceiro resultou da solicita\u00e7\u00e3o dos escritores (Francisco Lopes e Carlos D\u2019Abreu) para o autor prologar e apresentar as suas obras po\u00e9ticas. E o \u00faltimo respondeu ao seu anseio de homenagear o escritor, Amadeu Ferreira (que infelizmente j\u00e1 n\u00e3o se encontra entre n\u00f3s), aquando da apresenta\u00e7\u00e3o da sua obra Velhice, em Bragan\u00e7a.<\/p>\n<p>Prosseguindo, evidenciou a import\u00e2ncia do livro e da leitura na forma\u00e7\u00e3o do ser humano. Destacou, tamb\u00e9m, ovalor das palavras, recorrendo \u00e0 leitura de v\u00e1rios poemas, e acentuou que a leitura nos d\u00e1 lucidez, quando temos a ousadia de a encarar como uma luta entre as ideias do leitor e o pensamento do autor. Pois, se o livro n\u00e3o provocar esse desconforto, n\u00e3o cumpre a sua nobre miss\u00e3o que \u00e9p\u00f4r o leitor a pensar.\u00a0 Por esta ordem de raz\u00f5es, concluiuapelando aoaudit\u00f3rioque cultivasse a insubordina\u00e7\u00e3o do pensamento.<\/p>\n<p>Para os alunos foi uma aula diferente em que assistiram\u00e0 apresenta\u00e7\u00e3o da referidaobra, esperando que a mesma os tenha ajudado a terem uma ideia mais concreta sobre o conte\u00fado do livro. Espera-se, ainda, que a obra venha a ser consultada, visto que \u00e9 um livro de an\u00e1lise cr\u00edtica sobre obras de autores transmontanos e, desta forma, possa auxiliar a divulga\u00e7\u00e3o das obras dos autores nela trabalhados, intuito que norteou asua publica\u00e7\u00e3o, como se mencionouatr\u00e1s.Por outro lado, esta apresenta\u00e7\u00e3o procurou que os alunos entendessem este g\u00e9nero textual que, comoos restantes, parte da leitura, das obras dos autores selecionados, para a escrita, tentando explicitar a estrutura e os temas das mesmas ou, por outras palavras, dar a ler a escrita desses criadores.<\/p>\n<p>Epilogando, esta atividade lembrou as discentes a import\u00e2ncia da leitura, uma vez que \u00e9 uma componente indispens\u00e1velna sua forma\u00e7\u00e3o e o ponto de partida para todo o processo de escrita.<\/p>\n<p>Norberto Veiga<\/p>\n","protected":false},"excerpt":{"rendered":"<p>&nbsp; A Biblioteca Escolar da Escola Secund\u00e1ria Em\u00eddio Garcia, acolheu, no passado dia 25 de outubro de 2017, a apresenta\u00e7\u00e3o da obra Escritas do Nordeste Ensaios e Recens\u00f5es sobre Autores Transmontanos, de Norberto Veiga.&#46;&#46;&#46;<\/p>\n","protected":false},"author":3,"featured_media":6994,"comment_status":"closed","ping_status":"closed","sticky":false,"template":"","format":"gallery","meta":{"footnotes":""},"categories":[2,3,9,16],"tags":[],"class_list":["post-6992","post","type-post","status-publish","format-gallery","has-post-thumbnail","hentry","category-atualidade","category-cultura","category-em-foco","category-escola-secundaria-emidio-garcia","post_format-post-format-gallery"],"_links":{"self":[{"href":"https:\/\/bojornal.pt\/index.php?rest_route=\/wp\/v2\/posts\/6992","targetHints":{"allow":["GET"]}}],"collection":[{"href":"https:\/\/bojornal.pt\/index.php?rest_route=\/wp\/v2\/posts"}],"about":[{"href":"https:\/\/bojornal.pt\/index.php?rest_route=\/wp\/v2\/types\/post"}],"author":[{"embeddable":true,"href":"https:\/\/bojornal.pt\/index.php?rest_route=\/wp\/v2\/users\/3"}],"replies":[{"embeddable":true,"href":"https:\/\/bojornal.pt\/index.php?rest_route=%2Fwp%2Fv2%2Fcomments&post=6992"}],"version-history":[{"count":0,"href":"https:\/\/bojornal.pt\/index.php?rest_route=\/wp\/v2\/posts\/6992\/revisions"}],"wp:featuredmedia":[{"embeddable":true,"href":"https:\/\/bojornal.pt\/index.php?rest_route=\/wp\/v2\/media\/6994"}],"wp:attachment":[{"href":"https:\/\/bojornal.pt\/index.php?rest_route=%2Fwp%2Fv2%2Fmedia&parent=6992"}],"wp:term":[{"taxonomy":"category","embeddable":true,"href":"https:\/\/bojornal.pt\/index.php?rest_route=%2Fwp%2Fv2%2Fcategories&post=6992"},{"taxonomy":"post_tag","embeddable":true,"href":"https:\/\/bojornal.pt\/index.php?rest_route=%2Fwp%2Fv2%2Ftags&post=6992"}],"curies":[{"name":"wp","href":"https:\/\/api.w.org\/{rel}","templated":true}]}}