{"id":6925,"date":"2017-11-03T22:59:33","date_gmt":"2017-11-03T22:59:33","guid":{"rendered":"http:\/\/bojornal.pt\/?p=6925"},"modified":"2017-11-08T23:09:20","modified_gmt":"2017-11-08T23:09:20","slug":"escola-paulo-quintela-echo-halloween","status":"publish","type":"post","link":"https:\/\/bojornal.pt\/?p=6925","title":{"rendered":"Escola Paulo Quintela: ECHO-HALLOWEEN"},"content":{"rendered":"<p style=\"text-align: left;\">\n<p style=\"text-align: left;\">No \u00e2mbito do Plano Anual de Atividades do Departamento de L\u00ednguas, as professoras de Ingl\u00eas do 2\u00ba ciclo, da Escola Paulo Quintela, promoveram um concurso de s\u00edmbolos do Halloween, executados a partir da reutiliza\u00e7\u00e3o de materiais.<\/p>\n<p style=\"text-align: left;\">Atualmente, motivar as crian\u00e7as para a defesa do ambiente torna-se cada vez mais uma tarefa urgente. Por isso, importa sensibilizar os alunos para o (re)aproveitamento dos materiais, criar a partir do usado, do velho, daquilo que se poder\u00e1 deitar para o lixo e, assim, obter objetos de uma criatividade espantosa. Foi-lhes, ent\u00e3o, lan\u00e7ado o desafio: dar largas \u00e0 imagina\u00e7\u00e3o e criar s\u00edmbolos alusivos \u00e0 festividade, usando materiais que cada um possui em casa, cujo fim pr\u00f3ximo seria o contentor do lixo. A ades\u00e3o \u00e0 iniciativa foi bastante positiva, tendo surgido muitos trabalhos constru\u00eddos com materiais diversos e claro \u2026 muita criatividade!<\/p>\n<p style=\"text-align: left;\">Os trabalhos estiveram expostos na Biblioteca \u00c1lvaro Gomes, de 27 de outubro a 3 de novembro.<\/p>\n<p style=\"text-align: left;\">\u00c9 de louvar o empenho dos alunos que participaram, independentemente do pr\u00e9mio, e das professores que os motivaram. Agradecemos \u00e0 Coordenadora da BAG, Professora Anabela Rodrigues, pela forma como acolheu a exposi\u00e7\u00e3o, \u00e0 Coordenadora de Estabelecimento, Professora Angelina Condado, pelo apoio log\u00edstico prestado e aos elementos do j\u00fari pela sua disponibilidade.<\/p>\n<p style=\"text-align: left;\">Os trabalhos vencedores foram os seguintes:<\/p>\n<p>\u00a0<strong>1\u00ba Luga<\/strong>r: Daniel Diz, 5\u00ba A<\/p>\n<p><strong>2\u00ba Lugar<\/strong>: Francisco Rodrigues e Gon\u00e7alo Batista, 5\u00ba G<\/p>\n<p><strong>3\u00ba Lugar<\/strong>: Ana Francisca Podence, 5\u00ba A<\/p>\n<p>&nbsp;<\/p>\n<p><strong>Men\u00e7\u00f5es Honrosas<\/strong><\/p>\n<p>C\u00edntia da Costa de Sousa, 5\u00ba A<\/p>\n<p>In\u00eas Afonso, 6\u00ba D<\/p>\n<p>Rodrigo Lacerda, 5\u00ba D<\/p>\n<p>&nbsp;<\/p>\n<p style=\"text-align: right;\"><strong><em>Sec\u00e7\u00e3o de Ingl\u00eas, 2\u00ba Ciclo<\/em><\/strong><\/p>\n","protected":false},"excerpt":{"rendered":"<p>No \u00e2mbito do Plano Anual de Atividades do Departamento de L\u00ednguas, as professoras de Ingl\u00eas do 2\u00ba ciclo, da Escola Paulo Quintela, promoveram um concurso de s\u00edmbolos do Halloween, executados a partir da reutiliza\u00e7\u00e3o&#46;&#46;&#46;<\/p>\n","protected":false},"author":3,"featured_media":6926,"comment_status":"closed","ping_status":"closed","sticky":false,"template":"","format":"gallery","meta":{"footnotes":""},"categories":[2,13],"tags":[],"class_list":["post-6925","post","type-post","status-publish","format-gallery","has-post-thumbnail","hentry","category-atualidade","category-escola-paulo-quintela","post_format-post-format-gallery"],"_links":{"self":[{"href":"https:\/\/bojornal.pt\/index.php?rest_route=\/wp\/v2\/posts\/6925","targetHints":{"allow":["GET"]}}],"collection":[{"href":"https:\/\/bojornal.pt\/index.php?rest_route=\/wp\/v2\/posts"}],"about":[{"href":"https:\/\/bojornal.pt\/index.php?rest_route=\/wp\/v2\/types\/post"}],"author":[{"embeddable":true,"href":"https:\/\/bojornal.pt\/index.php?rest_route=\/wp\/v2\/users\/3"}],"replies":[{"embeddable":true,"href":"https:\/\/bojornal.pt\/index.php?rest_route=%2Fwp%2Fv2%2Fcomments&post=6925"}],"version-history":[{"count":0,"href":"https:\/\/bojornal.pt\/index.php?rest_route=\/wp\/v2\/posts\/6925\/revisions"}],"wp:featuredmedia":[{"embeddable":true,"href":"https:\/\/bojornal.pt\/index.php?rest_route=\/wp\/v2\/media\/6926"}],"wp:attachment":[{"href":"https:\/\/bojornal.pt\/index.php?rest_route=%2Fwp%2Fv2%2Fmedia&parent=6925"}],"wp:term":[{"taxonomy":"category","embeddable":true,"href":"https:\/\/bojornal.pt\/index.php?rest_route=%2Fwp%2Fv2%2Fcategories&post=6925"},{"taxonomy":"post_tag","embeddable":true,"href":"https:\/\/bojornal.pt\/index.php?rest_route=%2Fwp%2Fv2%2Ftags&post=6925"}],"curies":[{"name":"wp","href":"https:\/\/api.w.org\/{rel}","templated":true}]}}