{"id":6911,"date":"2017-11-03T19:08:44","date_gmt":"2017-11-03T19:08:44","guid":{"rendered":"http:\/\/bojornal.pt\/?p=6911"},"modified":"2017-11-03T19:08:44","modified_gmt":"2017-11-03T19:08:44","slug":"agrupamento-em-campanha-de-sensibilizacao-na-luta-contra-o-cancro","status":"publish","type":"post","link":"https:\/\/bojornal.pt\/?p=6911","title":{"rendered":"Agrupamento em campanha de sensibiliza\u00e7\u00e3o na luta contra o cancro"},"content":{"rendered":"<p>O Agrupamento de Escolas Em\u00eddio Garcia envolveu-se, mais um ano, na campanha de sensibiliza\u00e7\u00e3o da Luta Contra o Cancro, promovida pela Liga Portuguesa Contra o Cancro. Durante o \u00faltimo m\u00eas,\u00a0a comunidade escolar dos diversos ciclos de ensino desenvolveram diversas iniciativas relacionadas com a sensibiliza\u00e7\u00e3o e angaria\u00e7\u00e3o de fundos para a Liga Portuguesa Contra o Cancro envolvendo o Projeto de Jovens Promotores de Sa\u00fade, o Projeto de Educa\u00e7\u00e3o para a Sa\u00fade e o Departamento de Educa\u00e7\u00e3o Especial. Al\u00e9m da angaria\u00e7\u00e3o de fundos, os participantes envolveram-se no projeto Onda Rosa com a dinamiza\u00e7\u00e3o de diversas atividades.<\/p>\n<p>Este projeto, tamb\u00e9m conhecido como Outubro Rosa, nasceu nos Estados Unidos na d\u00e9cada de 1990 com o objetivo de estimular a popula\u00e7\u00e3o para o controlo do cancro da mama e de promover a\u00a0consciencializa\u00e7\u00e3o sobre a doen\u00e7a.<\/p>\n<p>&nbsp;<\/p>\n","protected":false},"excerpt":{"rendered":"<p>O Agrupamento de Escolas Em\u00eddio Garcia envolveu-se, mais um ano, na campanha de sensibiliza\u00e7\u00e3o da Luta Contra o Cancro, promovida pela Liga Portuguesa Contra o Cancro. Durante o \u00faltimo m\u00eas,\u00a0a comunidade escolar dos diversos&#46;&#46;&#46;<\/p>\n","protected":false},"author":3,"featured_media":6917,"comment_status":"closed","ping_status":"closed","sticky":false,"template":"","format":"gallery","meta":{"footnotes":""},"categories":[2,9,16],"tags":[],"class_list":["post-6911","post","type-post","status-publish","format-gallery","has-post-thumbnail","hentry","category-atualidade","category-em-foco","category-escola-secundaria-emidio-garcia","post_format-post-format-gallery"],"_links":{"self":[{"href":"https:\/\/bojornal.pt\/index.php?rest_route=\/wp\/v2\/posts\/6911","targetHints":{"allow":["GET"]}}],"collection":[{"href":"https:\/\/bojornal.pt\/index.php?rest_route=\/wp\/v2\/posts"}],"about":[{"href":"https:\/\/bojornal.pt\/index.php?rest_route=\/wp\/v2\/types\/post"}],"author":[{"embeddable":true,"href":"https:\/\/bojornal.pt\/index.php?rest_route=\/wp\/v2\/users\/3"}],"replies":[{"embeddable":true,"href":"https:\/\/bojornal.pt\/index.php?rest_route=%2Fwp%2Fv2%2Fcomments&post=6911"}],"version-history":[{"count":0,"href":"https:\/\/bojornal.pt\/index.php?rest_route=\/wp\/v2\/posts\/6911\/revisions"}],"wp:featuredmedia":[{"embeddable":true,"href":"https:\/\/bojornal.pt\/index.php?rest_route=\/wp\/v2\/media\/6917"}],"wp:attachment":[{"href":"https:\/\/bojornal.pt\/index.php?rest_route=%2Fwp%2Fv2%2Fmedia&parent=6911"}],"wp:term":[{"taxonomy":"category","embeddable":true,"href":"https:\/\/bojornal.pt\/index.php?rest_route=%2Fwp%2Fv2%2Fcategories&post=6911"},{"taxonomy":"post_tag","embeddable":true,"href":"https:\/\/bojornal.pt\/index.php?rest_route=%2Fwp%2Fv2%2Ftags&post=6911"}],"curies":[{"name":"wp","href":"https:\/\/api.w.org\/{rel}","templated":true}]}}