{"id":6897,"date":"2017-11-02T09:50:28","date_gmt":"2017-11-02T09:50:28","guid":{"rendered":"http:\/\/bojornal.pt\/?p=6897"},"modified":"2017-11-02T09:51:16","modified_gmt":"2017-11-02T09:51:16","slug":"liceu-gruteg-e-ae-celebram-halloween","status":"publish","type":"post","link":"https:\/\/bojornal.pt\/?p=6897","title":{"rendered":"Liceu: GRUTEG e AE celebram halloween"},"content":{"rendered":"<p>&nbsp;<\/p>\n<p>\u00c0 imagem de anos anteriores a Escola Em\u00eddio Garcia comemorou o <em>halloween, <\/em>iniciativa dinamizada pelo\u00a0Grupo de Teatro Em\u00eddio Garcia (GRUTEG), em parceria com a Associa\u00e7\u00e3o de Estudantes.\u00a0Esta\u00a0efem\u00e9ride, foi assinalada\u00a0no passado dia 31 de outubro\u00a0atrav\u00e9s de\u00a0encena\u00e7\u00f5es em diversos pontos da escola, com os alunos a representarem personalidades famosas de diversas \u00e1reas.<\/p>\n","protected":false},"excerpt":{"rendered":"<p>&nbsp; \u00c0 imagem de anos anteriores a Escola Em\u00eddio Garcia comemorou o halloween, iniciativa dinamizada pelo\u00a0Grupo de Teatro Em\u00eddio Garcia (GRUTEG), em parceria com a Associa\u00e7\u00e3o de Estudantes.\u00a0Esta\u00a0efem\u00e9ride, foi assinalada\u00a0no passado dia 31 de&#46;&#46;&#46;<\/p>\n","protected":false},"author":3,"featured_media":6899,"comment_status":"closed","ping_status":"closed","sticky":false,"template":"","format":"gallery","meta":{"footnotes":""},"categories":[2,9,16],"tags":[],"class_list":["post-6897","post","type-post","status-publish","format-gallery","has-post-thumbnail","hentry","category-atualidade","category-em-foco","category-escola-secundaria-emidio-garcia","post_format-post-format-gallery"],"_links":{"self":[{"href":"https:\/\/bojornal.pt\/index.php?rest_route=\/wp\/v2\/posts\/6897","targetHints":{"allow":["GET"]}}],"collection":[{"href":"https:\/\/bojornal.pt\/index.php?rest_route=\/wp\/v2\/posts"}],"about":[{"href":"https:\/\/bojornal.pt\/index.php?rest_route=\/wp\/v2\/types\/post"}],"author":[{"embeddable":true,"href":"https:\/\/bojornal.pt\/index.php?rest_route=\/wp\/v2\/users\/3"}],"replies":[{"embeddable":true,"href":"https:\/\/bojornal.pt\/index.php?rest_route=%2Fwp%2Fv2%2Fcomments&post=6897"}],"version-history":[{"count":0,"href":"https:\/\/bojornal.pt\/index.php?rest_route=\/wp\/v2\/posts\/6897\/revisions"}],"wp:featuredmedia":[{"embeddable":true,"href":"https:\/\/bojornal.pt\/index.php?rest_route=\/wp\/v2\/media\/6899"}],"wp:attachment":[{"href":"https:\/\/bojornal.pt\/index.php?rest_route=%2Fwp%2Fv2%2Fmedia&parent=6897"}],"wp:term":[{"taxonomy":"category","embeddable":true,"href":"https:\/\/bojornal.pt\/index.php?rest_route=%2Fwp%2Fv2%2Fcategories&post=6897"},{"taxonomy":"post_tag","embeddable":true,"href":"https:\/\/bojornal.pt\/index.php?rest_route=%2Fwp%2Fv2%2Ftags&post=6897"}],"curies":[{"name":"wp","href":"https:\/\/api.w.org\/{rel}","templated":true}]}}