{"id":6875,"date":"2017-09-22T00:15:15","date_gmt":"2017-09-21T23:15:15","guid":{"rendered":"http:\/\/bojornal.pt\/?p=6875"},"modified":"2017-09-22T00:31:42","modified_gmt":"2017-09-21T23:31:42","slug":"agrupamento-assinala-dia-mundial-da-paz","status":"publish","type":"post","link":"https:\/\/bojornal.pt\/?p=6875","title":{"rendered":"Agrupamento assinala Dia Mundial da Paz"},"content":{"rendered":"<p>&nbsp;<\/p>\n<div>O Agrupamento de Escolas Em\u00eddio de Bragan\u00e7a assinalou o Dia Mundial da Paz com a participa\u00e7\u00e3o de cerca de 400 alunos, numa iniciativa promovida pela Comiss\u00e3o Diocesana Justi\u00e7a e Paz.<\/div>\n<div>\u00a0Esta\u00a0atividade reuniu, em frente \u00e0 Catedral de Bragan\u00e7a, centenas de alunos, crian\u00e7as e idosos das diversas IPSS de Bragan\u00e7a que participaram atrav\u00e9s de poesia e m\u00fasica alusivas \u00e0 tem\u00e1tica da paz.<\/div>\n<div><span style=\"color: #333333; font-family: Georgia, 'Times New Roman', 'Bitstream Charter', Times, serif;\">O envolvimento dos alunos foi motivado pela\u00a0<\/span>dire\u00e7\u00e3o e\u00a0pelos professores de EMRC\u00a0 que sensibilizaram os alunos para a import\u00e2ncia da defesa da paz.<\/div>\n<div>Esta iniciativa terminou com a constru\u00e7\u00e3o de uma pomba, s\u00edmbolo da paz.<\/div>\n","protected":false},"excerpt":{"rendered":"<p>&nbsp; O Agrupamento de Escolas Em\u00eddio de Bragan\u00e7a assinalou o Dia Mundial da Paz com a participa\u00e7\u00e3o de cerca de 400 alunos, numa iniciativa promovida pela Comiss\u00e3o Diocesana Justi\u00e7a e Paz. \u00a0Esta\u00a0atividade reuniu, em&#46;&#46;&#46;<\/p>\n","protected":false},"author":3,"featured_media":6877,"comment_status":"closed","ping_status":"closed","sticky":false,"template":"","format":"gallery","meta":{"footnotes":""},"categories":[2,3,9,13,16],"tags":[22],"class_list":["post-6875","post","type-post","status-publish","format-gallery","has-post-thumbnail","hentry","category-atualidade","category-cultura","category-em-foco","category-escola-paulo-quintela","category-escola-secundaria-emidio-garcia","tag-paz","post_format-post-format-gallery"],"_links":{"self":[{"href":"https:\/\/bojornal.pt\/index.php?rest_route=\/wp\/v2\/posts\/6875","targetHints":{"allow":["GET"]}}],"collection":[{"href":"https:\/\/bojornal.pt\/index.php?rest_route=\/wp\/v2\/posts"}],"about":[{"href":"https:\/\/bojornal.pt\/index.php?rest_route=\/wp\/v2\/types\/post"}],"author":[{"embeddable":true,"href":"https:\/\/bojornal.pt\/index.php?rest_route=\/wp\/v2\/users\/3"}],"replies":[{"embeddable":true,"href":"https:\/\/bojornal.pt\/index.php?rest_route=%2Fwp%2Fv2%2Fcomments&post=6875"}],"version-history":[{"count":0,"href":"https:\/\/bojornal.pt\/index.php?rest_route=\/wp\/v2\/posts\/6875\/revisions"}],"wp:featuredmedia":[{"embeddable":true,"href":"https:\/\/bojornal.pt\/index.php?rest_route=\/wp\/v2\/media\/6877"}],"wp:attachment":[{"href":"https:\/\/bojornal.pt\/index.php?rest_route=%2Fwp%2Fv2%2Fmedia&parent=6875"}],"wp:term":[{"taxonomy":"category","embeddable":true,"href":"https:\/\/bojornal.pt\/index.php?rest_route=%2Fwp%2Fv2%2Fcategories&post=6875"},{"taxonomy":"post_tag","embeddable":true,"href":"https:\/\/bojornal.pt\/index.php?rest_route=%2Fwp%2Fv2%2Ftags&post=6875"}],"curies":[{"name":"wp","href":"https:\/\/api.w.org\/{rel}","templated":true}]}}