{"id":6861,"date":"2017-06-15T17:57:46","date_gmt":"2017-06-15T16:57:46","guid":{"rendered":"http:\/\/bojornal.pt\/?p=6861"},"modified":"2017-06-15T17:57:46","modified_gmt":"2017-06-15T16:57:46","slug":"dia-aberto-para-os-alunos-do-6-o-ano","status":"publish","type":"post","link":"https:\/\/bojornal.pt\/?p=6861","title":{"rendered":"Dia Aberto para os alunos do 6.\u00ba ano"},"content":{"rendered":"<p><a href=\"http:\/\/bojornal.pt\/wp-content\/uploads\/2017\/06\/IMG_1438.jpg\"><img loading=\"lazy\" decoding=\"async\" class=\"alignnone size-medium wp-image-6862\" src=\"http:\/\/bojornal.pt\/wp-content\/uploads\/2017\/06\/IMG_1438-300x200.jpg\" alt=\"IMG_1438\" width=\"300\" height=\"200\" srcset=\"https:\/\/bojornal.pt\/wp-content\/uploads\/2017\/06\/IMG_1438-300x200.jpg 300w, https:\/\/bojornal.pt\/wp-content\/uploads\/2017\/06\/IMG_1438-1024x683.jpg 1024w\" sizes=\"auto, (max-width: 300px) 100vw, 300px\" \/><\/a> <a href=\"http:\/\/bojornal.pt\/wp-content\/uploads\/2017\/06\/IMG_1439.jpg\"><img loading=\"lazy\" decoding=\"async\" class=\"alignnone size-medium wp-image-6863\" src=\"http:\/\/bojornal.pt\/wp-content\/uploads\/2017\/06\/IMG_1439-300x200.jpg\" alt=\"IMG_1439\" width=\"300\" height=\"200\" srcset=\"https:\/\/bojornal.pt\/wp-content\/uploads\/2017\/06\/IMG_1439-300x200.jpg 300w, https:\/\/bojornal.pt\/wp-content\/uploads\/2017\/06\/IMG_1439-1024x683.jpg 1024w\" sizes=\"auto, (max-width: 300px) 100vw, 300px\" \/><\/a> <a href=\"http:\/\/bojornal.pt\/wp-content\/uploads\/2017\/06\/IMG_1441.jpg\"><img loading=\"lazy\" decoding=\"async\" class=\"alignnone size-medium wp-image-6864\" src=\"http:\/\/bojornal.pt\/wp-content\/uploads\/2017\/06\/IMG_1441-300x200.jpg\" alt=\"IMG_1441\" width=\"300\" height=\"200\" srcset=\"https:\/\/bojornal.pt\/wp-content\/uploads\/2017\/06\/IMG_1441-300x200.jpg 300w, https:\/\/bojornal.pt\/wp-content\/uploads\/2017\/06\/IMG_1441-1024x683.jpg 1024w\" sizes=\"auto, (max-width: 300px) 100vw, 300px\" \/><\/a> <a href=\"http:\/\/bojornal.pt\/wp-content\/uploads\/2017\/06\/IMG_1457.jpg\"><img loading=\"lazy\" decoding=\"async\" class=\"alignnone size-medium wp-image-6865\" src=\"http:\/\/bojornal.pt\/wp-content\/uploads\/2017\/06\/IMG_1457-300x200.jpg\" alt=\"IMG_1457\" width=\"300\" height=\"200\" srcset=\"https:\/\/bojornal.pt\/wp-content\/uploads\/2017\/06\/IMG_1457-300x200.jpg 300w, https:\/\/bojornal.pt\/wp-content\/uploads\/2017\/06\/IMG_1457-1024x683.jpg 1024w\" sizes=\"auto, (max-width: 300px) 100vw, 300px\" \/><\/a> <a href=\"http:\/\/bojornal.pt\/wp-content\/uploads\/2017\/06\/IMG_1469.jpg\"><img loading=\"lazy\" decoding=\"async\" class=\"alignnone size-medium wp-image-6866\" src=\"http:\/\/bojornal.pt\/wp-content\/uploads\/2017\/06\/IMG_1469-300x200.jpg\" alt=\"IMG_1469\" width=\"300\" height=\"200\" srcset=\"https:\/\/bojornal.pt\/wp-content\/uploads\/2017\/06\/IMG_1469-300x200.jpg 300w, https:\/\/bojornal.pt\/wp-content\/uploads\/2017\/06\/IMG_1469-1024x683.jpg 1024w\" sizes=\"auto, (max-width: 300px) 100vw, 300px\" \/><\/a> <a href=\"http:\/\/bojornal.pt\/wp-content\/uploads\/2017\/06\/IMG_14751.jpg\"><img loading=\"lazy\" decoding=\"async\" class=\"alignnone size-medium wp-image-6868\" src=\"http:\/\/bojornal.pt\/wp-content\/uploads\/2017\/06\/IMG_14751-300x200.jpg\" alt=\"IMG_1475\" width=\"300\" height=\"200\" srcset=\"https:\/\/bojornal.pt\/wp-content\/uploads\/2017\/06\/IMG_14751-300x200.jpg 300w, https:\/\/bojornal.pt\/wp-content\/uploads\/2017\/06\/IMG_14751-1024x683.jpg 1024w\" sizes=\"auto, (max-width: 300px) 100vw, 300px\" \/><\/a> <a href=\"http:\/\/bojornal.pt\/wp-content\/uploads\/2017\/06\/IMG_1481.jpg\"><img loading=\"lazy\" decoding=\"async\" class=\"alignnone size-medium wp-image-6869\" src=\"http:\/\/bojornal.pt\/wp-content\/uploads\/2017\/06\/IMG_1481-300x200.jpg\" alt=\"IMG_1481\" width=\"300\" height=\"200\" srcset=\"https:\/\/bojornal.pt\/wp-content\/uploads\/2017\/06\/IMG_1481-300x200.jpg 300w, https:\/\/bojornal.pt\/wp-content\/uploads\/2017\/06\/IMG_1481-1024x683.jpg 1024w\" sizes=\"auto, (max-width: 300px) 100vw, 300px\" \/><\/a> <a href=\"http:\/\/bojornal.pt\/wp-content\/uploads\/2017\/06\/IMG_1485.jpg\"><img loading=\"lazy\" decoding=\"async\" class=\"alignnone size-medium wp-image-6871\" src=\"http:\/\/bojornal.pt\/wp-content\/uploads\/2017\/06\/IMG_1485-300x200.jpg\" alt=\"IMG_1485\" width=\"300\" height=\"200\" srcset=\"https:\/\/bojornal.pt\/wp-content\/uploads\/2017\/06\/IMG_1485-300x200.jpg 300w, https:\/\/bojornal.pt\/wp-content\/uploads\/2017\/06\/IMG_1485-1024x683.jpg 1024w\" sizes=\"auto, (max-width: 300px) 100vw, 300px\" \/><\/a> <a href=\"http:\/\/bojornal.pt\/wp-content\/uploads\/2017\/06\/IMG_1498.jpg\"><img loading=\"lazy\" decoding=\"async\" class=\"alignnone size-medium wp-image-6872\" src=\"http:\/\/bojornal.pt\/wp-content\/uploads\/2017\/06\/IMG_1498-300x200.jpg\" alt=\"IMG_1498\" width=\"300\" height=\"200\" srcset=\"https:\/\/bojornal.pt\/wp-content\/uploads\/2017\/06\/IMG_1498-300x200.jpg 300w, https:\/\/bojornal.pt\/wp-content\/uploads\/2017\/06\/IMG_1498-1024x683.jpg 1024w\" sizes=\"auto, (max-width: 300px) 100vw, 300px\" \/><\/a><\/p>\n<p>A escola secund\u00e1ria Em\u00eddio Garcia abriu ontem as suas portas aos alunos que frequentam o 6.\u00ba ano da Escola B\u00e1sica Paulo Quintela. Foi o &#8220;Dia Aberto&#8221;, que j\u00e1 \u00e9 tradi\u00e7\u00e3o realizar-se no final de cada ano lectivo. Segundo o director-adjunto, professor Carlos Fernandes, &#8220;foi excelente a participa\u00e7\u00e3o dos alunos do pr\u00f3ximo ano. Parab\u00e9ns a todos&#8221;. Este respons\u00e1vel destaca &#8220;como vem sendo h\u00e1bito o Grupo de Dan\u00e7a 3XL, que participou no Dia Aberto da Escola Secund\u00e1ria Em\u00eddio Garcia, honrando o seu compromisso com o Agrupamento na promo\u00e7\u00e3o da dan\u00e7a. Neste Agrupamento de escolas acreditamos que a dan\u00e7a \u00e9 importante para o desenvolvimento integral do aluno, sobretudo porque desenvolve a coordena\u00e7\u00e3o motora, promove a socializa\u00e7\u00e3o e a desinibi\u00e7\u00e3o, \u00e9 uma boa forma de praticar exerc\u00edcio f\u00edsico e ajuda a melhorar a concentra\u00e7\u00e3o&#8221;, sublinhou. Para al\u00e9m de actividades de dan\u00e7a, os futuros alunos visitaram as instala\u00e7\u00f5es da ESEG, participaram em actividades desenvolvidas nos laborat\u00f3rios de ci\u00eancias e em diversas actividades desportivas organizadas pelo grupo de Educa\u00e7\u00e3o F\u00edsica.<\/p>\n<div><\/div>\n","protected":false},"excerpt":{"rendered":"<p>A escola secund\u00e1ria Em\u00eddio Garcia abriu ontem as suas portas aos alunos que frequentam o 6.\u00ba ano da Escola B\u00e1sica Paulo Quintela. Foi o &#8220;Dia Aberto&#8221;, que j\u00e1 \u00e9 tradi\u00e7\u00e3o realizar-se no final de&#46;&#46;&#46;<\/p>\n","protected":false},"author":2,"featured_media":6862,"comment_status":"closed","ping_status":"closed","sticky":false,"template":"","format":"gallery","meta":{"footnotes":""},"categories":[2,9,13,16],"tags":[],"class_list":["post-6861","post","type-post","status-publish","format-gallery","has-post-thumbnail","hentry","category-atualidade","category-em-foco","category-escola-paulo-quintela","category-escola-secundaria-emidio-garcia","post_format-post-format-gallery"],"_links":{"self":[{"href":"https:\/\/bojornal.pt\/index.php?rest_route=\/wp\/v2\/posts\/6861","targetHints":{"allow":["GET"]}}],"collection":[{"href":"https:\/\/bojornal.pt\/index.php?rest_route=\/wp\/v2\/posts"}],"about":[{"href":"https:\/\/bojornal.pt\/index.php?rest_route=\/wp\/v2\/types\/post"}],"author":[{"embeddable":true,"href":"https:\/\/bojornal.pt\/index.php?rest_route=\/wp\/v2\/users\/2"}],"replies":[{"embeddable":true,"href":"https:\/\/bojornal.pt\/index.php?rest_route=%2Fwp%2Fv2%2Fcomments&post=6861"}],"version-history":[{"count":0,"href":"https:\/\/bojornal.pt\/index.php?rest_route=\/wp\/v2\/posts\/6861\/revisions"}],"wp:featuredmedia":[{"embeddable":true,"href":"https:\/\/bojornal.pt\/index.php?rest_route=\/wp\/v2\/media\/6862"}],"wp:attachment":[{"href":"https:\/\/bojornal.pt\/index.php?rest_route=%2Fwp%2Fv2%2Fmedia&parent=6861"}],"wp:term":[{"taxonomy":"category","embeddable":true,"href":"https:\/\/bojornal.pt\/index.php?rest_route=%2Fwp%2Fv2%2Fcategories&post=6861"},{"taxonomy":"post_tag","embeddable":true,"href":"https:\/\/bojornal.pt\/index.php?rest_route=%2Fwp%2Fv2%2Ftags&post=6861"}],"curies":[{"name":"wp","href":"https:\/\/api.w.org\/{rel}","templated":true}]}}