{"id":6783,"date":"2017-06-13T10:57:53","date_gmt":"2017-06-13T09:57:53","guid":{"rendered":"http:\/\/bojornal.pt\/?p=6783"},"modified":"2017-06-13T10:59:41","modified_gmt":"2017-06-13T09:59:41","slug":"gruteg-estreia-peca-um-dia-no-tmb","status":"publish","type":"post","link":"https:\/\/bojornal.pt\/?p=6783","title":{"rendered":"Gruteg estreia pe\u00e7a &#8220;Um dia&#8221; no TMB"},"content":{"rendered":"<p><a href=\"http:\/\/bojornal.pt\/wp-content\/uploads\/2017\/06\/Gruteg-1.jpg\"><img loading=\"lazy\" decoding=\"async\" class=\"alignnone size-medium wp-image-6785\" src=\"http:\/\/bojornal.pt\/wp-content\/uploads\/2017\/06\/Gruteg-1-300x200.jpg\" alt=\"Gruteg 1\" width=\"300\" height=\"200\" srcset=\"https:\/\/bojornal.pt\/wp-content\/uploads\/2017\/06\/Gruteg-1-300x200.jpg 300w, https:\/\/bojornal.pt\/wp-content\/uploads\/2017\/06\/Gruteg-1.jpg 919w\" sizes=\"auto, (max-width: 300px) 100vw, 300px\" \/><\/a> <a href=\"http:\/\/bojornal.pt\/wp-content\/uploads\/2017\/06\/Gruteg-2.jpg\"><img loading=\"lazy\" decoding=\"async\" class=\"alignnone size-medium wp-image-6786\" src=\"http:\/\/bojornal.pt\/wp-content\/uploads\/2017\/06\/Gruteg-2-300x200.jpg\" alt=\"Gruteg 2\" width=\"300\" height=\"200\" srcset=\"https:\/\/bojornal.pt\/wp-content\/uploads\/2017\/06\/Gruteg-2-300x200.jpg 300w, https:\/\/bojornal.pt\/wp-content\/uploads\/2017\/06\/Gruteg-2.jpg 919w\" sizes=\"auto, (max-width: 300px) 100vw, 300px\" \/><\/a> <a href=\"http:\/\/bojornal.pt\/wp-content\/uploads\/2017\/06\/Gruteg-3.jpg\"><img loading=\"lazy\" decoding=\"async\" class=\"alignnone size-medium wp-image-6787\" src=\"http:\/\/bojornal.pt\/wp-content\/uploads\/2017\/06\/Gruteg-3-300x200.jpg\" alt=\"Gruteg 3\" width=\"300\" height=\"200\" srcset=\"https:\/\/bojornal.pt\/wp-content\/uploads\/2017\/06\/Gruteg-3-300x200.jpg 300w, https:\/\/bojornal.pt\/wp-content\/uploads\/2017\/06\/Gruteg-3.jpg 919w\" sizes=\"auto, (max-width: 300px) 100vw, 300px\" \/><\/a> <a href=\"http:\/\/bojornal.pt\/wp-content\/uploads\/2017\/06\/Gruteg-4.jpg\"><img loading=\"lazy\" decoding=\"async\" class=\"alignnone size-medium wp-image-6788\" src=\"http:\/\/bojornal.pt\/wp-content\/uploads\/2017\/06\/Gruteg-4-300x200.jpg\" alt=\"Gruteg 4\" width=\"300\" height=\"200\" srcset=\"https:\/\/bojornal.pt\/wp-content\/uploads\/2017\/06\/Gruteg-4-300x200.jpg 300w, https:\/\/bojornal.pt\/wp-content\/uploads\/2017\/06\/Gruteg-4.jpg 919w\" sizes=\"auto, (max-width: 300px) 100vw, 300px\" \/><\/a> <a href=\"http:\/\/bojornal.pt\/wp-content\/uploads\/2017\/06\/Gruteg-5.jpg\"><img loading=\"lazy\" decoding=\"async\" class=\"alignnone size-medium wp-image-6789\" src=\"http:\/\/bojornal.pt\/wp-content\/uploads\/2017\/06\/Gruteg-5-300x200.jpg\" alt=\"Gruteg 5\" width=\"300\" height=\"200\" srcset=\"https:\/\/bojornal.pt\/wp-content\/uploads\/2017\/06\/Gruteg-5-300x200.jpg 300w, https:\/\/bojornal.pt\/wp-content\/uploads\/2017\/06\/Gruteg-5.jpg 919w\" sizes=\"auto, (max-width: 300px) 100vw, 300px\" \/><\/a><\/p>\n<p>O grupo de teatro Em\u00eddio Garcia (GRUTEG) apresentou no passado dia 25 de Maio a pe\u00e7a &#8220;Um dia&#8221;, uma adapta\u00e7\u00e3o feita pelas alunas Catarina Parreiras e Paula Sousa a partir do filme &#8220;Extremamente alto, incrivelmente perto&#8221;, da Warner Bros, por sua vez inspirado no livro de Jonathan Foer, com o mesmo t\u00edtulo.<\/p>\n<p>A estreia teve lugar no Teatro Municipal de Bragan\u00e7a, inserida na mostra de teatro escolar do munic\u00edpio e foi um enorme sucesso. Recorde-se que o GRUTEG conta com a direc\u00e7\u00e3o art\u00edstica do professor Ac\u00e1cio Pradinhos e que o trabalho de prepara\u00e7\u00e3o decorreu ao longo do ano lectivo, tendo-se intensificado nos \u00faltimos dois meses antes da estreia.<\/p>\n","protected":false},"excerpt":{"rendered":"<p>O grupo de teatro Em\u00eddio Garcia (GRUTEG) apresentou no passado dia 25 de Maio a pe\u00e7a &#8220;Um dia&#8221;, uma adapta\u00e7\u00e3o feita pelas alunas Catarina Parreiras e Paula Sousa a partir do filme &#8220;Extremamente alto,&#46;&#46;&#46;<\/p>\n","protected":false},"author":2,"featured_media":6788,"comment_status":"closed","ping_status":"closed","sticky":false,"template":"","format":"gallery","meta":{"footnotes":""},"categories":[2,9,16],"tags":[],"class_list":["post-6783","post","type-post","status-publish","format-gallery","has-post-thumbnail","hentry","category-atualidade","category-em-foco","category-escola-secundaria-emidio-garcia","post_format-post-format-gallery"],"_links":{"self":[{"href":"https:\/\/bojornal.pt\/index.php?rest_route=\/wp\/v2\/posts\/6783","targetHints":{"allow":["GET"]}}],"collection":[{"href":"https:\/\/bojornal.pt\/index.php?rest_route=\/wp\/v2\/posts"}],"about":[{"href":"https:\/\/bojornal.pt\/index.php?rest_route=\/wp\/v2\/types\/post"}],"author":[{"embeddable":true,"href":"https:\/\/bojornal.pt\/index.php?rest_route=\/wp\/v2\/users\/2"}],"replies":[{"embeddable":true,"href":"https:\/\/bojornal.pt\/index.php?rest_route=%2Fwp%2Fv2%2Fcomments&post=6783"}],"version-history":[{"count":0,"href":"https:\/\/bojornal.pt\/index.php?rest_route=\/wp\/v2\/posts\/6783\/revisions"}],"wp:featuredmedia":[{"embeddable":true,"href":"https:\/\/bojornal.pt\/index.php?rest_route=\/wp\/v2\/media\/6788"}],"wp:attachment":[{"href":"https:\/\/bojornal.pt\/index.php?rest_route=%2Fwp%2Fv2%2Fmedia&parent=6783"}],"wp:term":[{"taxonomy":"category","embeddable":true,"href":"https:\/\/bojornal.pt\/index.php?rest_route=%2Fwp%2Fv2%2Fcategories&post=6783"},{"taxonomy":"post_tag","embeddable":true,"href":"https:\/\/bojornal.pt\/index.php?rest_route=%2Fwp%2Fv2%2Ftags&post=6783"}],"curies":[{"name":"wp","href":"https:\/\/api.w.org\/{rel}","templated":true}]}}