{"id":6778,"date":"2017-06-13T10:40:24","date_gmt":"2017-06-13T09:40:24","guid":{"rendered":"http:\/\/bojornal.pt\/?p=6778"},"modified":"2017-06-13T10:40:24","modified_gmt":"2017-06-13T09:40:24","slug":"aeeg-participa-na-ii-edicao-da-feira-das-ciencias","status":"publish","type":"post","link":"https:\/\/bojornal.pt\/?p=6778","title":{"rendered":"AEEG participa na II edi\u00e7\u00e3o da Feira das Ci\u00eancias"},"content":{"rendered":"<p><a href=\"http:\/\/bojornal.pt\/wp-content\/uploads\/2017\/06\/20170531_111600.jpg\"><img loading=\"lazy\" decoding=\"async\" class=\"alignnone size-medium wp-image-6779\" src=\"http:\/\/bojornal.pt\/wp-content\/uploads\/2017\/06\/20170531_111600-300x169.jpg\" alt=\"20170531_111600\" width=\"300\" height=\"169\" srcset=\"https:\/\/bojornal.pt\/wp-content\/uploads\/2017\/06\/20170531_111600-300x169.jpg 300w, https:\/\/bojornal.pt\/wp-content\/uploads\/2017\/06\/20170531_111600-1024x576.jpg 1024w\" sizes=\"auto, (max-width: 300px) 100vw, 300px\" \/><\/a> <a href=\"http:\/\/bojornal.pt\/wp-content\/uploads\/2017\/06\/A48FE90C-0532-4689-9245-5729743D201B.jpg\"><img loading=\"lazy\" decoding=\"async\" class=\"alignnone size-medium wp-image-6780\" src=\"http:\/\/bojornal.pt\/wp-content\/uploads\/2017\/06\/A48FE90C-0532-4689-9245-5729743D201B-300x225.jpg\" alt=\"A48FE90C-0532-4689-9245-5729743D201B\" width=\"300\" height=\"225\" srcset=\"https:\/\/bojornal.pt\/wp-content\/uploads\/2017\/06\/A48FE90C-0532-4689-9245-5729743D201B-300x225.jpg 300w, https:\/\/bojornal.pt\/wp-content\/uploads\/2017\/06\/A48FE90C-0532-4689-9245-5729743D201B-1024x768.jpg 1024w\" sizes=\"auto, (max-width: 300px) 100vw, 300px\" \/><\/a> <a href=\"http:\/\/bojornal.pt\/wp-content\/uploads\/2017\/06\/A220456A-172C-4D3C-90B4-BB146C10A45F.jpg\"><img loading=\"lazy\" decoding=\"async\" class=\"alignnone size-medium wp-image-6781\" src=\"http:\/\/bojornal.pt\/wp-content\/uploads\/2017\/06\/A220456A-172C-4D3C-90B4-BB146C10A45F-300x225.jpg\" alt=\"A220456A-172C-4D3C-90B4-BB146C10A45F\" width=\"300\" height=\"225\" srcset=\"https:\/\/bojornal.pt\/wp-content\/uploads\/2017\/06\/A220456A-172C-4D3C-90B4-BB146C10A45F-300x225.jpg 300w, https:\/\/bojornal.pt\/wp-content\/uploads\/2017\/06\/A220456A-172C-4D3C-90B4-BB146C10A45F-1024x768.jpg 1024w\" sizes=\"auto, (max-width: 300px) 100vw, 300px\" \/><\/a><\/p>\n<p>Alunos dos diferentes estabelecimentos de ensino do Agrupamento de Escolas Em\u00eddio Garcia, em Bragan\u00e7a, participaram entre os dias 31 de Maio e 02 de Junho na segunda edi\u00e7\u00e3o da &#8220;Feira das Ci\u00eancias&#8221;, organizada pelo Centro de Ci\u00eancia Viva. O evento decorreu numa tenda gigante instalada em plena pra\u00e7a do munic\u00edpio e teve como objectivo principal sensibilizar para a import\u00e2ncia decisiva da ci\u00eancia na busca pelo conhecimento e demonstrar, ao mesmo tempo, que aquela est\u00e1 presente na vida do dia-a-dia.<\/p>\n<p>Os alunos, acompanhados e orientados pelos professores, puderam realizar v\u00e1rias experi\u00eancias cient\u00edficas e compreender melhor o lado de l\u00e1 da ci\u00eancia.<\/p>\n<p>&nbsp;<\/p>\n","protected":false},"excerpt":{"rendered":"<p>Alunos dos diferentes estabelecimentos de ensino do Agrupamento de Escolas Em\u00eddio Garcia, em Bragan\u00e7a, participaram entre os dias 31 de Maio e 02 de Junho na segunda edi\u00e7\u00e3o da &#8220;Feira das Ci\u00eancias&#8221;, organizada pelo&#46;&#46;&#46;<\/p>\n","protected":false},"author":2,"featured_media":6779,"comment_status":"closed","ping_status":"closed","sticky":false,"template":"","format":"gallery","meta":{"footnotes":""},"categories":[2,9,16],"tags":[],"class_list":["post-6778","post","type-post","status-publish","format-gallery","has-post-thumbnail","hentry","category-atualidade","category-em-foco","category-escola-secundaria-emidio-garcia","post_format-post-format-gallery"],"_links":{"self":[{"href":"https:\/\/bojornal.pt\/index.php?rest_route=\/wp\/v2\/posts\/6778","targetHints":{"allow":["GET"]}}],"collection":[{"href":"https:\/\/bojornal.pt\/index.php?rest_route=\/wp\/v2\/posts"}],"about":[{"href":"https:\/\/bojornal.pt\/index.php?rest_route=\/wp\/v2\/types\/post"}],"author":[{"embeddable":true,"href":"https:\/\/bojornal.pt\/index.php?rest_route=\/wp\/v2\/users\/2"}],"replies":[{"embeddable":true,"href":"https:\/\/bojornal.pt\/index.php?rest_route=%2Fwp%2Fv2%2Fcomments&post=6778"}],"version-history":[{"count":0,"href":"https:\/\/bojornal.pt\/index.php?rest_route=\/wp\/v2\/posts\/6778\/revisions"}],"wp:featuredmedia":[{"embeddable":true,"href":"https:\/\/bojornal.pt\/index.php?rest_route=\/wp\/v2\/media\/6779"}],"wp:attachment":[{"href":"https:\/\/bojornal.pt\/index.php?rest_route=%2Fwp%2Fv2%2Fmedia&parent=6778"}],"wp:term":[{"taxonomy":"category","embeddable":true,"href":"https:\/\/bojornal.pt\/index.php?rest_route=%2Fwp%2Fv2%2Fcategories&post=6778"},{"taxonomy":"post_tag","embeddable":true,"href":"https:\/\/bojornal.pt\/index.php?rest_route=%2Fwp%2Fv2%2Ftags&post=6778"}],"curies":[{"name":"wp","href":"https:\/\/api.w.org\/{rel}","templated":true}]}}