{"id":6719,"date":"2017-06-08T11:41:29","date_gmt":"2017-06-08T10:41:29","guid":{"rendered":"http:\/\/bojornal.pt\/?p=6719"},"modified":"2017-06-08T11:41:29","modified_gmt":"2017-06-08T10:41:29","slug":"rita-e-sofia-veiga-conquistam-1-o-lugar-no-gvida-na-universidade-de-aveiro","status":"publish","type":"post","link":"https:\/\/bojornal.pt\/?p=6719","title":{"rendered":"Rita e Sofia Veiga conquistam 1.\u00ba lugar no &#8220;GVIDA&#8221; na Universidade de Aveiro"},"content":{"rendered":"<p><a href=\"http:\/\/bojornal.pt\/wp-content\/uploads\/2017\/06\/20170510_123353.jpg\"><img loading=\"lazy\" decoding=\"async\" class=\"alignnone size-medium wp-image-6720\" src=\"http:\/\/bojornal.pt\/wp-content\/uploads\/2017\/06\/20170510_123353-300x180.jpg\" alt=\"20170510_123353\" width=\"300\" height=\"180\" srcset=\"https:\/\/bojornal.pt\/wp-content\/uploads\/2017\/06\/20170510_123353-300x180.jpg 300w, https:\/\/bojornal.pt\/wp-content\/uploads\/2017\/06\/20170510_123353-1024x614.jpg 1024w\" sizes=\"auto, (max-width: 300px) 100vw, 300px\" \/><\/a> <a href=\"http:\/\/bojornal.pt\/wp-content\/uploads\/2017\/06\/20170510_123409.jpg\"><img loading=\"lazy\" decoding=\"async\" class=\"alignnone size-medium wp-image-6721\" src=\"http:\/\/bojornal.pt\/wp-content\/uploads\/2017\/06\/20170510_123409-300x180.jpg\" alt=\"20170510_123409\" width=\"300\" height=\"180\" srcset=\"https:\/\/bojornal.pt\/wp-content\/uploads\/2017\/06\/20170510_123409-300x180.jpg 300w, https:\/\/bojornal.pt\/wp-content\/uploads\/2017\/06\/20170510_123409-1024x614.jpg 1024w\" sizes=\"auto, (max-width: 300px) 100vw, 300px\" \/><\/a> <a href=\"http:\/\/bojornal.pt\/wp-content\/uploads\/2017\/06\/IMG-20170529-WA0004-2.jpg\"><img loading=\"lazy\" decoding=\"async\" class=\"alignnone size-medium wp-image-6722\" src=\"http:\/\/bojornal.pt\/wp-content\/uploads\/2017\/06\/IMG-20170529-WA0004-2-300x169.jpg\" alt=\"IMG-20170529-WA0004 (2)\" width=\"300\" height=\"169\" srcset=\"https:\/\/bojornal.pt\/wp-content\/uploads\/2017\/06\/IMG-20170529-WA0004-2-300x169.jpg 300w, https:\/\/bojornal.pt\/wp-content\/uploads\/2017\/06\/IMG-20170529-WA0004-2-1024x576.jpg 1024w, https:\/\/bojornal.pt\/wp-content\/uploads\/2017\/06\/IMG-20170529-WA0004-2.jpg 1600w\" sizes=\"auto, (max-width: 300px) 100vw, 300px\" \/><\/a><\/p>\n<p>As Competi\u00e7\u00f5es Nacionais de Ci\u00eancia voltaram a reunir milhares de jovens na Universidade de Aveiro, nos dias 8, 9 e 10 de maio, que colocaram \u00e0 prova os seus conhecimentos nas \u00e1reas da matem\u00e1tica, portugu\u00eas, qu\u00edmica, f\u00edsica, geologia e biologia.<\/p>\n<p>O primeiro dia foi dedicado aos mais pequenos (2.\u00ba ciclo), que participaram na prova DIZ+, arrecadando o 5.\u00ba lugar para a Escola Paulo Quintela, em 62 escolas participantes. Destacaram-se no 5.\u00ba ano a Leonor Correia e a Diana Pereira, e a Francisca Vaz e a Ana Chambel, que conquistaram o 28.\u00ba e o 31.\u00ba lugar, respetivamente. No 6.\u00ba ano a In\u00eas Valentim e a Ana Santos, e a Mariana S\u00e1 e a Carolina Malh\u00e3o, tamb\u00e9m tiveram um excelente desempenho (23.\u00ba lugar e o 26.\u00ba lugar, respetivamente), entre mais de 500 equipas.<\/p>\n<p>No segundo dia os alunos do 3.\u00ba ciclo participaram nas provas equamat, fisQ e geoNET e at\u00e9 trouxeram medalhas! Na competi\u00e7\u00e3o FisQ, o Diogo Carvalho e o Hugo Quarteu, do 9.\u00ba ano, ficaram em 2.\u00ba lugar e a \u00c2ngela Rodrigues e a Ana Fernandes em 17.\u00ba lugar. Em 124 escolas participantes no Equamat, a Em\u00eddio Garcia obteve a 21.\u00aa posi\u00e7\u00e3o, destacando-se o 9.\u00ba lugar alcan\u00e7ado pelo Jos\u00e9 Pedro Alves e pelo Andr\u00e9 Amaro, e o 23.\u00ba lugar da \u00cdris Alves e da Ana Ferreira, do 7.\u00ba ano. No 9.\u00ba ano, os campe\u00f5es Diogo e Hugo, e o Jorge Fernandes e a Joana Oliveira, tamb\u00e9m se revelaram na prova de matem\u00e1tica, obtendo o 36.\u00ba e 39.\u00ba lugar, respetivamente. No geoNET, a Ana Meirinhos e a Ana Sardinha ficaram em 28.\u00ba lugar, num total de 243 equipas participantes.<\/p>\n<p>O \u00faltimo dia foi reservado aos alunos do secund\u00e1rio que participaram nas provas mat12, Fquest, GVIDA e bio12 e, mais uma vez, ouviu-se o nome da Escola Em\u00eddio Garcia pelos c\u00e9us (chuvosos) de Aveiro\u2026 a Rita e a Sofia Veiga, do 11.\u00ba ano, ganharam o 1.\u00ba pr\u00e9mio da competi\u00e7\u00e3o Gvida!!! E como se n\u00e3o bastasse, no Mat12, no 10.\u00ba ano, o M\u00e1rio e a Jani, e o Carlos e o Jo\u00e3o Carlos, obtiveram o 9.\u00ba e o 12.\u00ba lugar, respectivamente. No 11.\u00ba ano, as campe\u00e3s Rita e Sofia Veiga obtiveram a 32.\u00ba lugar, e no 12.\u00ba ano a Telma e a J\u00e9ssica alcan\u00e7aram o 39.\u00ba lugar. A Beatriz e a Ana Catarina, do 11.\u00ba ano, conseguiram a 10.\u00aa posi\u00e7\u00e3o do FQuest. Finalmente, por escolas, no Bio12, entre 25 escolas participantes, trouxemos o 2.\u00ba lugar, no Gvida, o 10.\u00ba lugar, no FQuest, o 6.\u00ba lugar, e no Mat12, entre 57 escolas, n\u00f3s fomos os 12.\u00ba. Foram tr\u00eas dias em que a Ci\u00eancia e os alunos do Em\u00eddio Garcia estiveram em grande! Parab\u00e9ns!<\/p>\n","protected":false},"excerpt":{"rendered":"<p>As Competi\u00e7\u00f5es Nacionais de Ci\u00eancia voltaram a reunir milhares de jovens na Universidade de Aveiro, nos dias 8, 9 e 10 de maio, que colocaram \u00e0 prova os seus conhecimentos nas \u00e1reas da matem\u00e1tica,&#46;&#46;&#46;<\/p>\n","protected":false},"author":2,"featured_media":6720,"comment_status":"closed","ping_status":"closed","sticky":false,"template":"","format":"gallery","meta":{"footnotes":""},"categories":[2,9,16],"tags":[],"class_list":["post-6719","post","type-post","status-publish","format-gallery","has-post-thumbnail","hentry","category-atualidade","category-em-foco","category-escola-secundaria-emidio-garcia","post_format-post-format-gallery"],"_links":{"self":[{"href":"https:\/\/bojornal.pt\/index.php?rest_route=\/wp\/v2\/posts\/6719","targetHints":{"allow":["GET"]}}],"collection":[{"href":"https:\/\/bojornal.pt\/index.php?rest_route=\/wp\/v2\/posts"}],"about":[{"href":"https:\/\/bojornal.pt\/index.php?rest_route=\/wp\/v2\/types\/post"}],"author":[{"embeddable":true,"href":"https:\/\/bojornal.pt\/index.php?rest_route=\/wp\/v2\/users\/2"}],"replies":[{"embeddable":true,"href":"https:\/\/bojornal.pt\/index.php?rest_route=%2Fwp%2Fv2%2Fcomments&post=6719"}],"version-history":[{"count":0,"href":"https:\/\/bojornal.pt\/index.php?rest_route=\/wp\/v2\/posts\/6719\/revisions"}],"wp:featuredmedia":[{"embeddable":true,"href":"https:\/\/bojornal.pt\/index.php?rest_route=\/wp\/v2\/media\/6720"}],"wp:attachment":[{"href":"https:\/\/bojornal.pt\/index.php?rest_route=%2Fwp%2Fv2%2Fmedia&parent=6719"}],"wp:term":[{"taxonomy":"category","embeddable":true,"href":"https:\/\/bojornal.pt\/index.php?rest_route=%2Fwp%2Fv2%2Fcategories&post=6719"},{"taxonomy":"post_tag","embeddable":true,"href":"https:\/\/bojornal.pt\/index.php?rest_route=%2Fwp%2Fv2%2Ftags&post=6719"}],"curies":[{"name":"wp","href":"https:\/\/api.w.org\/{rel}","templated":true}]}}