{"id":6715,"date":"2017-05-31T18:36:21","date_gmt":"2017-05-31T17:36:21","guid":{"rendered":"http:\/\/bojornal.pt\/?p=6715"},"modified":"2017-05-31T18:36:21","modified_gmt":"2017-05-31T17:36:21","slug":"liceu-passa-ao-nacional-de-volei-de-praia","status":"publish","type":"post","link":"https:\/\/bojornal.pt\/?p=6715","title":{"rendered":"Liceu passa ao Nacional de Volei de Praia"},"content":{"rendered":"<p style=\"text-align: center;\"><a href=\"http:\/\/bojornal.pt\/wp-content\/uploads\/2017\/05\/unnamed.jpg\"><img loading=\"lazy\" decoding=\"async\" class=\"alignnone size-medium wp-image-6716\" src=\"http:\/\/bojornal.pt\/wp-content\/uploads\/2017\/05\/unnamed-300x180.jpg\" alt=\"unnamed\" width=\"300\" height=\"180\" srcset=\"https:\/\/bojornal.pt\/wp-content\/uploads\/2017\/05\/unnamed-300x180.jpg 300w, https:\/\/bojornal.pt\/wp-content\/uploads\/2017\/05\/unnamed-1024x615.jpg 1024w, https:\/\/bojornal.pt\/wp-content\/uploads\/2017\/05\/unnamed.jpg 1063w\" sizes=\"auto, (max-width: 300px) 100vw, 300px\" \/><\/a><\/p>\n<p>A Escola Em\u00eddio Garcia vai marcar presen\u00e7a na Etapa Nacional de Voleibol de Praia agendada para o dia 2 de junho, em Espinho depois de participar \u00a0com 23 atletas na prova distrital, realizada na praia do Azibo. Esta iniciativa do passado dia 24 de maio contou com muito &#8220;desportivismo e dedica\u00e7\u00e3o de todos os intervenientes&#8221;, como refere a professora respons\u00e1vel, F\u00e1tima Brito. Entre as sete equipas em competi\u00e7\u00e3o &#8211; iniciados femininos e masculinos (8E e 8G), juvenis femininos (12B) e juvenis masculinos (11C, 12B, 12C e 12E) &#8211; , duas delas\u00a0apuraram-se para a fase seguinte. O\u00a0Liceu participou ainda com sete \u00e1rbitros.<\/p>\n","protected":false},"excerpt":{"rendered":"<p>A Escola Em\u00eddio Garcia vai marcar presen\u00e7a na Etapa Nacional de Voleibol de Praia agendada para o dia 2 de junho, em Espinho depois de participar \u00a0com 23 atletas na prova distrital, realizada na&#46;&#46;&#46;<\/p>\n","protected":false},"author":3,"featured_media":6716,"comment_status":"closed","ping_status":"closed","sticky":false,"template":"","format":"standard","meta":{"footnotes":""},"categories":[2,16],"tags":[],"class_list":["post-6715","post","type-post","status-publish","format-standard","has-post-thumbnail","hentry","category-atualidade","category-escola-secundaria-emidio-garcia"],"_links":{"self":[{"href":"https:\/\/bojornal.pt\/index.php?rest_route=\/wp\/v2\/posts\/6715","targetHints":{"allow":["GET"]}}],"collection":[{"href":"https:\/\/bojornal.pt\/index.php?rest_route=\/wp\/v2\/posts"}],"about":[{"href":"https:\/\/bojornal.pt\/index.php?rest_route=\/wp\/v2\/types\/post"}],"author":[{"embeddable":true,"href":"https:\/\/bojornal.pt\/index.php?rest_route=\/wp\/v2\/users\/3"}],"replies":[{"embeddable":true,"href":"https:\/\/bojornal.pt\/index.php?rest_route=%2Fwp%2Fv2%2Fcomments&post=6715"}],"version-history":[{"count":0,"href":"https:\/\/bojornal.pt\/index.php?rest_route=\/wp\/v2\/posts\/6715\/revisions"}],"wp:featuredmedia":[{"embeddable":true,"href":"https:\/\/bojornal.pt\/index.php?rest_route=\/wp\/v2\/media\/6716"}],"wp:attachment":[{"href":"https:\/\/bojornal.pt\/index.php?rest_route=%2Fwp%2Fv2%2Fmedia&parent=6715"}],"wp:term":[{"taxonomy":"category","embeddable":true,"href":"https:\/\/bojornal.pt\/index.php?rest_route=%2Fwp%2Fv2%2Fcategories&post=6715"},{"taxonomy":"post_tag","embeddable":true,"href":"https:\/\/bojornal.pt\/index.php?rest_route=%2Fwp%2Fv2%2Ftags&post=6715"}],"curies":[{"name":"wp","href":"https:\/\/api.w.org\/{rel}","templated":true}]}}