{"id":6656,"date":"2017-05-31T10:32:57","date_gmt":"2017-05-31T09:32:57","guid":{"rendered":"http:\/\/bojornal.pt\/?p=6656"},"modified":"2017-05-31T10:32:57","modified_gmt":"2017-05-31T09:32:57","slug":"alunos-da-eseg-no-top-10-nacional-do-supertmatik-quiz-de-geografia","status":"publish","type":"post","link":"https:\/\/bojornal.pt\/?p=6656","title":{"rendered":"Alunos da ESEG no Top 10 nacional do Supertmatik &#8211; Quiz de Geografia"},"content":{"rendered":"<p><a href=\"http:\/\/bojornal.pt\/wp-content\/uploads\/2017\/05\/Ana_31.png\"><img loading=\"lazy\" decoding=\"async\" class=\"alignnone size-medium wp-image-6657\" src=\"http:\/\/bojornal.pt\/wp-content\/uploads\/2017\/05\/Ana_31-300x231.png\" alt=\"Ana_31\" width=\"300\" height=\"231\" srcset=\"https:\/\/bojornal.pt\/wp-content\/uploads\/2017\/05\/Ana_31-300x231.png 300w, https:\/\/bojornal.pt\/wp-content\/uploads\/2017\/05\/Ana_31-1024x787.png 1024w\" sizes=\"auto, (max-width: 300px) 100vw, 300px\" \/><\/a> <a href=\"http:\/\/bojornal.pt\/wp-content\/uploads\/2017\/05\/Ana_Sardinha.png\"><img loading=\"lazy\" decoding=\"async\" class=\"alignnone size-medium wp-image-6658\" src=\"http:\/\/bojornal.pt\/wp-content\/uploads\/2017\/05\/Ana_Sardinha-300x231.png\" alt=\"Ana_Sardinha\" width=\"300\" height=\"231\" srcset=\"https:\/\/bojornal.pt\/wp-content\/uploads\/2017\/05\/Ana_Sardinha-300x231.png 300w, https:\/\/bojornal.pt\/wp-content\/uploads\/2017\/05\/Ana_Sardinha-1024x787.png 1024w\" sizes=\"auto, (max-width: 300px) 100vw, 300px\" \/><\/a> <a href=\"http:\/\/bojornal.pt\/wp-content\/uploads\/2017\/05\/helena_67.png\"><img loading=\"lazy\" decoding=\"async\" class=\"alignnone size-medium wp-image-6659\" src=\"http:\/\/bojornal.pt\/wp-content\/uploads\/2017\/05\/helena_67-300x231.png\" alt=\"helena_67\" width=\"300\" height=\"231\" srcset=\"https:\/\/bojornal.pt\/wp-content\/uploads\/2017\/05\/helena_67-300x231.png 300w, https:\/\/bojornal.pt\/wp-content\/uploads\/2017\/05\/helena_67-1024x787.png 1024w\" sizes=\"auto, (max-width: 300px) 100vw, 300px\" \/><\/a> <a href=\"http:\/\/bojornal.pt\/wp-content\/uploads\/2017\/05\/Hugo_Quarteu.png\"><img loading=\"lazy\" decoding=\"async\" class=\"alignnone size-medium wp-image-6660\" src=\"http:\/\/bojornal.pt\/wp-content\/uploads\/2017\/05\/Hugo_Quarteu-300x231.png\" alt=\"Hugo_Quarteu\" width=\"300\" height=\"231\" srcset=\"https:\/\/bojornal.pt\/wp-content\/uploads\/2017\/05\/Hugo_Quarteu-300x231.png 300w, https:\/\/bojornal.pt\/wp-content\/uploads\/2017\/05\/Hugo_Quarteu-1024x787.png 1024w\" sizes=\"auto, (max-width: 300px) 100vw, 300px\" \/><\/a> <a href=\"http:\/\/bojornal.pt\/wp-content\/uploads\/2017\/05\/Jose_12.png\"><img loading=\"lazy\" decoding=\"async\" class=\"alignnone size-medium wp-image-6661\" src=\"http:\/\/bojornal.pt\/wp-content\/uploads\/2017\/05\/Jose_12-300x231.png\" alt=\"Jose_12\" width=\"300\" height=\"231\" srcset=\"https:\/\/bojornal.pt\/wp-content\/uploads\/2017\/05\/Jose_12-300x231.png 300w, https:\/\/bojornal.pt\/wp-content\/uploads\/2017\/05\/Jose_12-1024x787.png 1024w\" sizes=\"auto, (max-width: 300px) 100vw, 300px\" \/><\/a> <a href=\"http:\/\/bojornal.pt\/wp-content\/uploads\/2017\/05\/Rodrigo_22.png\"><img loading=\"lazy\" decoding=\"async\" class=\"alignnone size-medium wp-image-6662\" src=\"http:\/\/bojornal.pt\/wp-content\/uploads\/2017\/05\/Rodrigo_22-300x231.png\" alt=\"Rodrigo_22\" width=\"300\" height=\"231\" srcset=\"https:\/\/bojornal.pt\/wp-content\/uploads\/2017\/05\/Rodrigo_22-300x231.png 300w, https:\/\/bojornal.pt\/wp-content\/uploads\/2017\/05\/Rodrigo_22-1024x787.png 1024w\" sizes=\"auto, (max-width: 300px) 100vw, 300px\" \/><\/a><\/p>\n<p>Ao longo do ano lectivo, alunos do 3.\u00ba ciclo da Escola Em\u00eddio Garcia estiveram envolvidos de forma muito entusi\u00e1stica no campeonato escolar Supertmtik &#8211; Quiz de Geografia.<\/p>\n<p>Ap\u00f3s a realiza\u00e7\u00e3o de algumas sess\u00f5es de treino que permitiram conhecer as regras e caracter\u00edsticas deste jogo, tiveram in\u00edcio os jogos intra-turmas para apuramento do campe\u00e3o e vice-campe\u00e3o de cada turma. Estes elementos passaram \u00e0 fase do campeonato inter-turma com objetivo de apurar os dois finalistas (campe\u00e3o e vice-campe\u00e3o) de cada escal\u00e3o: 7.\u00ba, 8.\u00ba e 9.\u00ba anos, que disputariam a final nacional online.<\/p>\n<p>Para grande orgulho da nossa escola, os alunos finalistas obtiveram excelentes classifica\u00e7\u00f5es. Dois alunos ficaram classificados no Top 10 do escal\u00e3o de 9.\u00ba ano: Ana Carolina Sardinha, obteve o 2.\u00ba lugar e Hugo Alves Quarteu o 7.\u00ba lugar nacional, escal\u00e3o disputado por um total de 6649 alunos. No 7.\u00ba ano, os alunos Jos\u00e9 Pedro Cordeiro Alves e Helena Pinheiro Rosa obtiveram a 12.\u00aa e 67.\u00aa posi\u00e7\u00f5es, respetivamente, escal\u00e3o disputado por 7521 alunos. Os alunos Rodrigo Miguel Batista e Ana Sofia Pires alcan\u00e7aram as 22.\u00aa e 31.\u00aa posi\u00e7\u00f5es entre 7303 alunos que disputaram o escal\u00e3o do 8.\u00ba ano.<\/p>\n<p>&nbsp;<\/p>\n","protected":false},"excerpt":{"rendered":"<p>Ao longo do ano lectivo, alunos do 3.\u00ba ciclo da Escola Em\u00eddio Garcia estiveram envolvidos de forma muito entusi\u00e1stica no campeonato escolar Supertmtik &#8211; Quiz de Geografia. Ap\u00f3s a realiza\u00e7\u00e3o de algumas sess\u00f5es de&#46;&#46;&#46;<\/p>\n","protected":false},"author":2,"featured_media":6658,"comment_status":"closed","ping_status":"closed","sticky":false,"template":"","format":"gallery","meta":{"footnotes":""},"categories":[2,9,16],"tags":[],"class_list":["post-6656","post","type-post","status-publish","format-gallery","has-post-thumbnail","hentry","category-atualidade","category-em-foco","category-escola-secundaria-emidio-garcia","post_format-post-format-gallery"],"_links":{"self":[{"href":"https:\/\/bojornal.pt\/index.php?rest_route=\/wp\/v2\/posts\/6656","targetHints":{"allow":["GET"]}}],"collection":[{"href":"https:\/\/bojornal.pt\/index.php?rest_route=\/wp\/v2\/posts"}],"about":[{"href":"https:\/\/bojornal.pt\/index.php?rest_route=\/wp\/v2\/types\/post"}],"author":[{"embeddable":true,"href":"https:\/\/bojornal.pt\/index.php?rest_route=\/wp\/v2\/users\/2"}],"replies":[{"embeddable":true,"href":"https:\/\/bojornal.pt\/index.php?rest_route=%2Fwp%2Fv2%2Fcomments&post=6656"}],"version-history":[{"count":0,"href":"https:\/\/bojornal.pt\/index.php?rest_route=\/wp\/v2\/posts\/6656\/revisions"}],"wp:featuredmedia":[{"embeddable":true,"href":"https:\/\/bojornal.pt\/index.php?rest_route=\/wp\/v2\/media\/6658"}],"wp:attachment":[{"href":"https:\/\/bojornal.pt\/index.php?rest_route=%2Fwp%2Fv2%2Fmedia&parent=6656"}],"wp:term":[{"taxonomy":"category","embeddable":true,"href":"https:\/\/bojornal.pt\/index.php?rest_route=%2Fwp%2Fv2%2Fcategories&post=6656"},{"taxonomy":"post_tag","embeddable":true,"href":"https:\/\/bojornal.pt\/index.php?rest_route=%2Fwp%2Fv2%2Ftags&post=6656"}],"curies":[{"name":"wp","href":"https:\/\/api.w.org\/{rel}","templated":true}]}}