{"id":6649,"date":"2017-05-31T10:17:38","date_gmt":"2017-05-31T09:17:38","guid":{"rendered":"http:\/\/bojornal.pt\/?p=6649"},"modified":"2017-05-31T10:17:38","modified_gmt":"2017-05-31T09:17:38","slug":"deputadas-da-eseg-em-destaque-na-sessao-nacional-do-parlamento-dos-jovens-2017","status":"publish","type":"post","link":"https:\/\/bojornal.pt\/?p=6649","title":{"rendered":"Deputadas da ESEG em destaque na sess\u00e3o nacional do parlamento dos jovens&#8217; 2017"},"content":{"rendered":"<p><a href=\"http:\/\/bojornal.pt\/wp-content\/uploads\/2017\/05\/images_p.jovens.jpg\"><img loading=\"lazy\" decoding=\"async\" class=\"alignnone size-full wp-image-6650\" src=\"http:\/\/bojornal.pt\/wp-content\/uploads\/2017\/05\/images_p.jovens.jpg\" alt=\"images_p.jovens\" width=\"229\" height=\"220\" \/><\/a> <a href=\"http:\/\/bojornal.pt\/wp-content\/uploads\/2017\/05\/IMG_20170522_152516.jpg\"><img loading=\"lazy\" decoding=\"async\" class=\"alignnone size-medium wp-image-6651\" src=\"http:\/\/bojornal.pt\/wp-content\/uploads\/2017\/05\/IMG_20170522_152516-300x169.jpg\" alt=\"IMG_20170522_152516\" width=\"300\" height=\"169\" srcset=\"https:\/\/bojornal.pt\/wp-content\/uploads\/2017\/05\/IMG_20170522_152516-300x169.jpg 300w, https:\/\/bojornal.pt\/wp-content\/uploads\/2017\/05\/IMG_20170522_152516-1024x578.jpg 1024w\" sizes=\"auto, (max-width: 300px) 100vw, 300px\" \/><\/a> <a href=\"http:\/\/bojornal.pt\/wp-content\/uploads\/2017\/05\/par_jovens.jpg\"><img loading=\"lazy\" decoding=\"async\" class=\"alignnone size-medium wp-image-6652\" src=\"http:\/\/bojornal.pt\/wp-content\/uploads\/2017\/05\/par_jovens.jpg\" alt=\"par_jovens\" width=\"275\" height=\"183\" \/><\/a> <a href=\"http:\/\/bojornal.pt\/wp-content\/uploads\/2017\/05\/Sala-senado16_17.jpg\"><img loading=\"lazy\" decoding=\"async\" class=\"alignnone size-medium wp-image-6653\" src=\"http:\/\/bojornal.pt\/wp-content\/uploads\/2017\/05\/Sala-senado16_17-300x169.jpg\" alt=\"Sala senado16_17\" width=\"300\" height=\"169\" srcset=\"https:\/\/bojornal.pt\/wp-content\/uploads\/2017\/05\/Sala-senado16_17-300x169.jpg 300w, https:\/\/bojornal.pt\/wp-content\/uploads\/2017\/05\/Sala-senado16_17.jpg 854w\" sizes=\"auto, (max-width: 300px) 100vw, 300px\" \/><\/a><\/p>\n<p>Decorreu da melhor forma a participa\u00e7\u00e3o das deputadas pelo c\u00edrculo de Bragan\u00e7a na Sess\u00e3o Nacional do Parlamento dos Jovens&#8217; 2017. Recorde-se que as deputadas Ana Carolina Sardinha e Joana Oliveira, alunas da Escola Secund\u00e1ria Em\u00eddio Garcia, bateram a concorr\u00eancia na fase distrital e foram eleitas para representar o distrito na sess\u00e3o nacional, que decorreu na Assembleia da Rep\u00fablica, em Lisboa, nos dias 22 e 23 deste m\u00eas.\u00a0\u00a0A acompanh\u00e1-las, esteve o colega Pedro Afonso Pires, na qualidade de jornalista de servi\u00e7o. Nesta sess\u00e3o estiveram representados todos os distritos do Pa\u00eds, Regi\u00f5es Aut\u00f3nomas , Europa e Fora da Europa.<\/p>\n<p>Segundo a coordenadora do projecto na ESEG, professora Julieta Alves, &#8220;as nossa deputadas tiveram uma participa\u00e7\u00e3o muito activa no trabalho das comiss\u00f5es. V\u00e1rias vezes interpelaram os colegas deputados dos c\u00edrculos de (Beja, Leiria, Fora da Europa, Madeira e Santar\u00e9m), com quem estavam a debater as propostas de medidas dos projectos de recomenda\u00e7\u00e3o&#8221;, frisou. Com efeito, as medidas que sa\u00edram desta comiss\u00e3o para a sess\u00e3o plen\u00e1ria, da qual faziam parte as nossas deputadas, foram muito aplaudidas por todos os deputados.<\/p>\n<p>A coordenadora do projecto lembra ainda que &#8220;foi escolhida do nosso c\u00edrculo uma pergunta aos deputados. A escolha foi muito pol\u00e9mica, pois todos os c\u00edrculos foram munidos de quest\u00f5es muito bem elaboradas&#8221;.<\/p>\n","protected":false},"excerpt":{"rendered":"<p>Decorreu da melhor forma a participa\u00e7\u00e3o das deputadas pelo c\u00edrculo de Bragan\u00e7a na Sess\u00e3o Nacional do Parlamento dos Jovens&#8217; 2017. Recorde-se que as deputadas Ana Carolina Sardinha e Joana Oliveira, alunas da Escola Secund\u00e1ria&#46;&#46;&#46;<\/p>\n","protected":false},"author":2,"featured_media":6651,"comment_status":"closed","ping_status":"closed","sticky":false,"template":"","format":"gallery","meta":{"footnotes":""},"categories":[2,9,16],"tags":[],"class_list":["post-6649","post","type-post","status-publish","format-gallery","has-post-thumbnail","hentry","category-atualidade","category-em-foco","category-escola-secundaria-emidio-garcia","post_format-post-format-gallery"],"_links":{"self":[{"href":"https:\/\/bojornal.pt\/index.php?rest_route=\/wp\/v2\/posts\/6649","targetHints":{"allow":["GET"]}}],"collection":[{"href":"https:\/\/bojornal.pt\/index.php?rest_route=\/wp\/v2\/posts"}],"about":[{"href":"https:\/\/bojornal.pt\/index.php?rest_route=\/wp\/v2\/types\/post"}],"author":[{"embeddable":true,"href":"https:\/\/bojornal.pt\/index.php?rest_route=\/wp\/v2\/users\/2"}],"replies":[{"embeddable":true,"href":"https:\/\/bojornal.pt\/index.php?rest_route=%2Fwp%2Fv2%2Fcomments&post=6649"}],"version-history":[{"count":0,"href":"https:\/\/bojornal.pt\/index.php?rest_route=\/wp\/v2\/posts\/6649\/revisions"}],"wp:featuredmedia":[{"embeddable":true,"href":"https:\/\/bojornal.pt\/index.php?rest_route=\/wp\/v2\/media\/6651"}],"wp:attachment":[{"href":"https:\/\/bojornal.pt\/index.php?rest_route=%2Fwp%2Fv2%2Fmedia&parent=6649"}],"wp:term":[{"taxonomy":"category","embeddable":true,"href":"https:\/\/bojornal.pt\/index.php?rest_route=%2Fwp%2Fv2%2Fcategories&post=6649"},{"taxonomy":"post_tag","embeddable":true,"href":"https:\/\/bojornal.pt\/index.php?rest_route=%2Fwp%2Fv2%2Ftags&post=6649"}],"curies":[{"name":"wp","href":"https:\/\/api.w.org\/{rel}","templated":true}]}}