{"id":6616,"date":"2017-05-25T11:38:28","date_gmt":"2017-05-25T10:38:28","guid":{"rendered":"http:\/\/bojornal.pt\/?p=6616"},"modified":"2017-05-25T11:38:28","modified_gmt":"2017-05-25T10:38:28","slug":"alunos-da-paulo-quintela-alcancam-5-o-lugar-a-nivel-nacional-no-diz","status":"publish","type":"post","link":"https:\/\/bojornal.pt\/?p=6616","title":{"rendered":"Alunos da Paulo Quintela alcan\u00e7am 5.\u00ba lugar a n\u00edvel nacional no &#8220;Diz +&#8221;"},"content":{"rendered":"<p><a href=\"http:\/\/bojornal.pt\/wp-content\/uploads\/2017\/05\/Foto-aveiro.jpg\"><img loading=\"lazy\" decoding=\"async\" class=\"alignnone size-medium wp-image-6617\" src=\"http:\/\/bojornal.pt\/wp-content\/uploads\/2017\/05\/Foto-aveiro-300x225.jpg\" alt=\"Foto aveiro\" width=\"300\" height=\"225\" srcset=\"https:\/\/bojornal.pt\/wp-content\/uploads\/2017\/05\/Foto-aveiro-300x225.jpg 300w, https:\/\/bojornal.pt\/wp-content\/uploads\/2017\/05\/Foto-aveiro.jpg 692w\" sizes=\"auto, (max-width: 300px) 100vw, 300px\" \/><\/a><\/p>\n<p>No dia 8 de maio de 2017\u00a0teve lugar na Universidade de Aveiro as <em>Competi\u00e7\u00f5es Nacionais da Ci\u00eancia,<\/em> iniciativa do Departamento de Matem\u00e1tica da Universidade de Aveiro. Nesta competi\u00e7\u00e3o e na prova multidisciplinar <strong>\u201cDiz +\u201d,<\/strong> participaram 50 alunos, distribu\u00eddos por 25 equipas (cada equipa \u00e9 formada por 2 alunos do mesmo ano de escolaridade), 5.\u00ba ano (13 equipas) e \u00a06.\u00ba ano (12 equipas). A prova era constitu\u00edda por 15 quest\u00f5es, cinco de cada \u00e1rea cient\u00edfica tendo a dura\u00e7\u00e3o de 30 minutos, testando os conhecimentos dos alunos nas tr\u00eas <span style=\"text-decoration: underline;\">grandes<\/span> \u00e1reas disciplinares \u2013 matem\u00e1tica, portugu\u00eas e ci\u00eancias naturais.<\/p>\n<p>A sele\u00e7\u00e3o destas equipas foi feita tendo por base a classifica\u00e7\u00e3o obtida nas <em>CNC em Rede<\/em>, competi\u00e7\u00e3o dinamizada pela Escola B\u00e1sica Paulo Quintela e que teve lugar no dia 8 de mar\u00e7o do corrente ano.<\/p>\n<p>Apesar do cansa\u00e7o provocado pela longa viagem Bragan\u00e7a &#8211; Aveiro a Escola B\u00e1sica Paulo Quintela conseguiu um honroso quinto lugar num total de sessenta e duas escolas participantes, estando todos os alunos de parab\u00e9ns pelas classifica\u00e7\u00f5es obtidas.<\/p>\n","protected":false},"excerpt":{"rendered":"<p>No dia 8 de maio de 2017\u00a0teve lugar na Universidade de Aveiro as Competi\u00e7\u00f5es Nacionais da Ci\u00eancia, iniciativa do Departamento de Matem\u00e1tica da Universidade de Aveiro. Nesta competi\u00e7\u00e3o e na prova multidisciplinar \u201cDiz +\u201d,&#46;&#46;&#46;<\/p>\n","protected":false},"author":2,"featured_media":6617,"comment_status":"closed","ping_status":"closed","sticky":false,"template":"","format":"gallery","meta":{"footnotes":""},"categories":[2,9,13],"tags":[],"class_list":["post-6616","post","type-post","status-publish","format-gallery","has-post-thumbnail","hentry","category-atualidade","category-em-foco","category-escola-paulo-quintela","post_format-post-format-gallery"],"_links":{"self":[{"href":"https:\/\/bojornal.pt\/index.php?rest_route=\/wp\/v2\/posts\/6616","targetHints":{"allow":["GET"]}}],"collection":[{"href":"https:\/\/bojornal.pt\/index.php?rest_route=\/wp\/v2\/posts"}],"about":[{"href":"https:\/\/bojornal.pt\/index.php?rest_route=\/wp\/v2\/types\/post"}],"author":[{"embeddable":true,"href":"https:\/\/bojornal.pt\/index.php?rest_route=\/wp\/v2\/users\/2"}],"replies":[{"embeddable":true,"href":"https:\/\/bojornal.pt\/index.php?rest_route=%2Fwp%2Fv2%2Fcomments&post=6616"}],"version-history":[{"count":0,"href":"https:\/\/bojornal.pt\/index.php?rest_route=\/wp\/v2\/posts\/6616\/revisions"}],"wp:featuredmedia":[{"embeddable":true,"href":"https:\/\/bojornal.pt\/index.php?rest_route=\/wp\/v2\/media\/6617"}],"wp:attachment":[{"href":"https:\/\/bojornal.pt\/index.php?rest_route=%2Fwp%2Fv2%2Fmedia&parent=6616"}],"wp:term":[{"taxonomy":"category","embeddable":true,"href":"https:\/\/bojornal.pt\/index.php?rest_route=%2Fwp%2Fv2%2Fcategories&post=6616"},{"taxonomy":"post_tag","embeddable":true,"href":"https:\/\/bojornal.pt\/index.php?rest_route=%2Fwp%2Fv2%2Ftags&post=6616"}],"curies":[{"name":"wp","href":"https:\/\/api.w.org\/{rel}","templated":true}]}}