{"id":6501,"date":"2017-05-22T09:02:57","date_gmt":"2017-05-22T08:02:57","guid":{"rendered":"http:\/\/bojornal.pt\/?p=6501"},"modified":"2017-05-22T09:13:25","modified_gmt":"2017-05-22T08:13:25","slug":"eseg-alcanca-6-o-lugar-a-nivel-nacional-em-basquetebol-3x3","status":"publish","type":"post","link":"https:\/\/bojornal.pt\/?p=6501","title":{"rendered":"ESEG alcan\u00e7a 6.\u00ba lugar a n\u00edvel nacional em Basquetebol 3X3"},"content":{"rendered":"<p><a href=\"http:\/\/bojornal.pt\/wp-content\/uploads\/2015\/01\/fotografia-21-e1495197401467.jpg\"><img loading=\"lazy\" decoding=\"async\" class=\"alignnone size-medium wp-image-6499\" src=\"http:\/\/bojornal.pt\/wp-content\/uploads\/2015\/01\/fotografia-21-e1495197401467-224x300.jpg\" alt=\"fotografia 2\" width=\"224\" height=\"300\" srcset=\"https:\/\/bojornal.pt\/wp-content\/uploads\/2015\/01\/fotografia-21-e1495197401467-224x300.jpg 224w, https:\/\/bojornal.pt\/wp-content\/uploads\/2015\/01\/fotografia-21-e1495197401467-765x1024.jpg 765w, https:\/\/bojornal.pt\/wp-content\/uploads\/2015\/01\/fotografia-21-e1495197401467.jpg 1936w\" sizes=\"auto, (max-width: 224px) 100vw, 224px\" \/><\/a> <a href=\"http:\/\/bojornal.pt\/wp-content\/uploads\/2015\/01\/fotografia-11-e1495197376669.jpg\"><img loading=\"lazy\" decoding=\"async\" class=\"alignnone size-medium wp-image-6498\" src=\"http:\/\/bojornal.pt\/wp-content\/uploads\/2015\/01\/fotografia-11-e1495197376669-224x300.jpg\" alt=\"fotografia 1\" width=\"224\" height=\"300\" \/><\/a> <a href=\"http:\/\/bojornal.pt\/wp-content\/uploads\/2017\/05\/fotografia-3-e1495197387597.jpg\"><img loading=\"lazy\" decoding=\"async\" class=\"alignnone size-medium wp-image-6497\" src=\"http:\/\/bojornal.pt\/wp-content\/uploads\/2017\/05\/fotografia-3-e1495197387597-224x300.jpg\" alt=\"fotografia 3\" width=\"224\" height=\"300\" srcset=\"https:\/\/bojornal.pt\/wp-content\/uploads\/2017\/05\/fotografia-3-e1495197387597-224x300.jpg 224w, https:\/\/bojornal.pt\/wp-content\/uploads\/2017\/05\/fotografia-3-e1495197387597-765x1024.jpg 765w, https:\/\/bojornal.pt\/wp-content\/uploads\/2017\/05\/fotografia-3-e1495197387597.jpg 1936w\" sizes=\"auto, (max-width: 224px) 100vw, 224px\" \/><\/a><\/p>\n<p>Realizou-se na passada quinta-feira, dia\u00a018 de maio, em Gondomar, a fase nacional do 3&#215;3 de Basquetebol.<\/p>\n<p>A escola secund\u00e1ria Em\u00eddio Garcia esteve representada com uma equipa de Iniciados Masculinos e obteve excelentes presta\u00e7\u00f5es e resultados.<\/p>\n<p>Com efeito, os alunos Pedro Gomes, Tiago Rebelo , Jo\u00e3o Gabriel e Filipe Cruz estiveram ao mais alto n\u00edvel em representa\u00e7\u00e3o da ESEG e alcan\u00e7aram um fant\u00e1stico 6.\u00ba lugar a n\u00edvel nacional, bem demonstrativo do trabalho desenvolvido por estes jovens atletas e pelos seus professores.<\/p>\n","protected":false},"excerpt":{"rendered":"<p>Realizou-se na passada quinta-feira, dia\u00a018 de maio, em Gondomar, a fase nacional do 3&#215;3 de Basquetebol. A escola secund\u00e1ria Em\u00eddio Garcia esteve representada com uma equipa de Iniciados Masculinos e obteve excelentes presta\u00e7\u00f5es e&#46;&#46;&#46;<\/p>\n","protected":false},"author":2,"featured_media":6498,"comment_status":"closed","ping_status":"closed","sticky":false,"template":"","format":"gallery","meta":{"footnotes":""},"categories":[2,9,16],"tags":[],"class_list":["post-6501","post","type-post","status-publish","format-gallery","has-post-thumbnail","hentry","category-atualidade","category-em-foco","category-escola-secundaria-emidio-garcia","post_format-post-format-gallery"],"_links":{"self":[{"href":"https:\/\/bojornal.pt\/index.php?rest_route=\/wp\/v2\/posts\/6501","targetHints":{"allow":["GET"]}}],"collection":[{"href":"https:\/\/bojornal.pt\/index.php?rest_route=\/wp\/v2\/posts"}],"about":[{"href":"https:\/\/bojornal.pt\/index.php?rest_route=\/wp\/v2\/types\/post"}],"author":[{"embeddable":true,"href":"https:\/\/bojornal.pt\/index.php?rest_route=\/wp\/v2\/users\/2"}],"replies":[{"embeddable":true,"href":"https:\/\/bojornal.pt\/index.php?rest_route=%2Fwp%2Fv2%2Fcomments&post=6501"}],"version-history":[{"count":0,"href":"https:\/\/bojornal.pt\/index.php?rest_route=\/wp\/v2\/posts\/6501\/revisions"}],"wp:featuredmedia":[{"embeddable":true,"href":"https:\/\/bojornal.pt\/index.php?rest_route=\/wp\/v2\/media\/6498"}],"wp:attachment":[{"href":"https:\/\/bojornal.pt\/index.php?rest_route=%2Fwp%2Fv2%2Fmedia&parent=6501"}],"wp:term":[{"taxonomy":"category","embeddable":true,"href":"https:\/\/bojornal.pt\/index.php?rest_route=%2Fwp%2Fv2%2Fcategories&post=6501"},{"taxonomy":"post_tag","embeddable":true,"href":"https:\/\/bojornal.pt\/index.php?rest_route=%2Fwp%2Fv2%2Ftags&post=6501"}],"curies":[{"name":"wp","href":"https:\/\/api.w.org\/{rel}","templated":true}]}}