{"id":6479,"date":"2017-05-11T13:20:16","date_gmt":"2017-05-11T12:20:16","guid":{"rendered":"http:\/\/bojornal.pt\/?p=6479"},"modified":"2017-05-12T19:47:45","modified_gmt":"2017-05-12T18:47:45","slug":"6-o-lugar-nos-regionais-de-dancas-ritmicas-e-expressivas-2017","status":"publish","type":"post","link":"https:\/\/bojornal.pt\/?p=6479","title":{"rendered":"6.\u00ba lugar nos regionais de Dan\u00e7as R\u00edtmicas e Expressivas 2017"},"content":{"rendered":"<p><a href=\"http:\/\/bojornal.pt\/wp-content\/uploads\/2017\/05\/Dance-crew-2.jpg\"><img loading=\"lazy\" decoding=\"async\" class=\"alignnone size-medium wp-image-6481\" src=\"http:\/\/bojornal.pt\/wp-content\/uploads\/2017\/05\/Dance-crew-2-300x225.jpg\" alt=\"Dance crew 2\" width=\"300\" height=\"225\" srcset=\"https:\/\/bojornal.pt\/wp-content\/uploads\/2017\/05\/Dance-crew-2-300x225.jpg 300w, https:\/\/bojornal.pt\/wp-content\/uploads\/2017\/05\/Dance-crew-2.jpg 960w\" sizes=\"auto, (max-width: 300px) 100vw, 300px\" \/><\/a> <a href=\"http:\/\/bojornal.pt\/wp-content\/uploads\/2017\/05\/Dance-crew-3.jpg\"><img loading=\"lazy\" decoding=\"async\" class=\"alignnone size-medium wp-image-6482\" src=\"http:\/\/bojornal.pt\/wp-content\/uploads\/2017\/05\/Dance-crew-3-225x300.jpg\" alt=\"Dance crew 3\" width=\"225\" height=\"300\" srcset=\"https:\/\/bojornal.pt\/wp-content\/uploads\/2017\/05\/Dance-crew-3-225x300.jpg 225w, https:\/\/bojornal.pt\/wp-content\/uploads\/2017\/05\/Dance-crew-3.jpg 720w\" sizes=\"auto, (max-width: 225px) 100vw, 225px\" \/><\/a> <a href=\"http:\/\/bojornal.pt\/wp-content\/uploads\/2017\/05\/Dance-crew-4.jpg\"><img loading=\"lazy\" decoding=\"async\" class=\"alignnone size-medium wp-image-6483\" src=\"http:\/\/bojornal.pt\/wp-content\/uploads\/2017\/05\/Dance-crew-4-300x168.jpg\" alt=\"Dance crew 4\" width=\"300\" height=\"168\" srcset=\"https:\/\/bojornal.pt\/wp-content\/uploads\/2017\/05\/Dance-crew-4-300x168.jpg 300w, https:\/\/bojornal.pt\/wp-content\/uploads\/2017\/05\/Dance-crew-4.jpg 552w\" sizes=\"auto, (max-width: 300px) 100vw, 300px\" \/><\/a> <a href=\"http:\/\/bojornal.pt\/wp-content\/uploads\/2017\/05\/Dance-crew.jpg\"><img loading=\"lazy\" decoding=\"async\" class=\"alignnone size-medium wp-image-6484\" src=\"http:\/\/bojornal.pt\/wp-content\/uploads\/2017\/05\/Dance-crew-300x300.jpg\" alt=\"Dance crew\" width=\"300\" height=\"300\" srcset=\"https:\/\/bojornal.pt\/wp-content\/uploads\/2017\/05\/Dance-crew-300x300.jpg 300w, https:\/\/bojornal.pt\/wp-content\/uploads\/2017\/05\/Dance-crew-150x150.jpg 150w, https:\/\/bojornal.pt\/wp-content\/uploads\/2017\/05\/Dance-crew-160x160.jpg 160w, https:\/\/bojornal.pt\/wp-content\/uploads\/2017\/05\/Dance-crew-320x320.jpg 320w, https:\/\/bojornal.pt\/wp-content\/uploads\/2017\/05\/Dance-crew.jpg 958w\" sizes=\"auto, (max-width: 300px) 100vw, 300px\" \/><\/a><\/p>\n<p>Foi altamente prestigiante a participa\u00e7\u00e3o dos 3XL nos Campeonatos Regionais de Dan\u00e7as R\u00edtmicas e Expressivas&#8217; 2017, que este ano decorreram em Caminha no passado s\u00e1bado, dia 6 de Maio. O Grupo de Dan\u00e7a da ESEG, orientado pela professora Helena Ramos e com a direc\u00e7\u00e3o art\u00edstica de Catarina Pinto, alcan\u00e7ou o 4.\u00ba lugar, tendo apresentado coreografias novas e bem pontuadas pelo j\u00fari.<\/p>\n<p>&#8220;Entre 15 grupos que se encontravam nas regionais, e entre grupos maravilhosos com coreografias excelentes, conseguimos alcan\u00e7ar o 6 lugar! Relativamente a pontua\u00e7\u00f5es, ficamos muito perto do 5o lugar e em termos de escolas, esta pontua\u00e7\u00e3o fez de nos a 5a melhor escola presente&#8221;, pode ler-se no facebook do grupo.<\/p>\n<p>&nbsp;<\/p>\n<p>Confirma tudo e v\u00ea os v\u00eddeos das actua\u00e7\u00f5es dos 3XL no facebook do grupo (3XL dance crew).<\/p>\n<p>&nbsp;<\/p>\n","protected":false},"excerpt":{"rendered":"<p>Foi altamente prestigiante a participa\u00e7\u00e3o dos 3XL nos Campeonatos Regionais de Dan\u00e7as R\u00edtmicas e Expressivas&#8217; 2017, que este ano decorreram em Caminha no passado s\u00e1bado, dia 6 de Maio. O Grupo de Dan\u00e7a da&#46;&#46;&#46;<\/p>\n","protected":false},"author":2,"featured_media":6484,"comment_status":"closed","ping_status":"closed","sticky":false,"template":"","format":"gallery","meta":{"footnotes":""},"categories":[2,9,16],"tags":[],"class_list":["post-6479","post","type-post","status-publish","format-gallery","has-post-thumbnail","hentry","category-atualidade","category-em-foco","category-escola-secundaria-emidio-garcia","post_format-post-format-gallery"],"_links":{"self":[{"href":"https:\/\/bojornal.pt\/index.php?rest_route=\/wp\/v2\/posts\/6479","targetHints":{"allow":["GET"]}}],"collection":[{"href":"https:\/\/bojornal.pt\/index.php?rest_route=\/wp\/v2\/posts"}],"about":[{"href":"https:\/\/bojornal.pt\/index.php?rest_route=\/wp\/v2\/types\/post"}],"author":[{"embeddable":true,"href":"https:\/\/bojornal.pt\/index.php?rest_route=\/wp\/v2\/users\/2"}],"replies":[{"embeddable":true,"href":"https:\/\/bojornal.pt\/index.php?rest_route=%2Fwp%2Fv2%2Fcomments&post=6479"}],"version-history":[{"count":0,"href":"https:\/\/bojornal.pt\/index.php?rest_route=\/wp\/v2\/posts\/6479\/revisions"}],"wp:featuredmedia":[{"embeddable":true,"href":"https:\/\/bojornal.pt\/index.php?rest_route=\/wp\/v2\/media\/6484"}],"wp:attachment":[{"href":"https:\/\/bojornal.pt\/index.php?rest_route=%2Fwp%2Fv2%2Fmedia&parent=6479"}],"wp:term":[{"taxonomy":"category","embeddable":true,"href":"https:\/\/bojornal.pt\/index.php?rest_route=%2Fwp%2Fv2%2Fcategories&post=6479"},{"taxonomy":"post_tag","embeddable":true,"href":"https:\/\/bojornal.pt\/index.php?rest_route=%2Fwp%2Fv2%2Ftags&post=6479"}],"curies":[{"name":"wp","href":"https:\/\/api.w.org\/{rel}","templated":true}]}}