{"id":6471,"date":"2017-05-11T12:42:46","date_gmt":"2017-05-11T11:42:46","guid":{"rendered":"http:\/\/bojornal.pt\/?p=6471"},"modified":"2017-05-11T12:49:01","modified_gmt":"2017-05-11T11:49:01","slug":"workshop-desperta-o-teu-potencial-empreendedor-no-salao-nobre-da-eseg","status":"publish","type":"post","link":"https:\/\/bojornal.pt\/?p=6471","title":{"rendered":"Workshop &#8220;Desperta o teu potencial empreendedor&#8221; no Sal\u00e3o Nobre da ESEG"},"content":{"rendered":"<p><a href=\"http:\/\/bojornal.pt\/wp-content\/uploads\/2017\/05\/20170510_104728.jpg\"><img loading=\"lazy\" decoding=\"async\" class=\"alignnone size-medium wp-image-6474\" src=\"http:\/\/bojornal.pt\/wp-content\/uploads\/2017\/05\/20170510_104728-300x169.jpg\" alt=\"20170510_104728\" width=\"300\" height=\"169\" srcset=\"https:\/\/bojornal.pt\/wp-content\/uploads\/2017\/05\/20170510_104728-300x169.jpg 300w, https:\/\/bojornal.pt\/wp-content\/uploads\/2017\/05\/20170510_104728-1024x576.jpg 1024w\" sizes=\"auto, (max-width: 300px) 100vw, 300px\" \/><\/a> <a href=\"http:\/\/bojornal.pt\/wp-content\/uploads\/2017\/05\/20170510_104657.jpg\"><img loading=\"lazy\" decoding=\"async\" class=\"alignnone size-medium wp-image-6473\" src=\"http:\/\/bojornal.pt\/wp-content\/uploads\/2017\/05\/20170510_104657-300x169.jpg\" alt=\"20170510_104657\" width=\"300\" height=\"169\" srcset=\"https:\/\/bojornal.pt\/wp-content\/uploads\/2017\/05\/20170510_104657-300x169.jpg 300w, https:\/\/bojornal.pt\/wp-content\/uploads\/2017\/05\/20170510_104657-1024x576.jpg 1024w\" sizes=\"auto, (max-width: 300px) 100vw, 300px\" \/><\/a> <a href=\"http:\/\/bojornal.pt\/wp-content\/uploads\/2017\/05\/20170510_104642.jpg\"><img loading=\"lazy\" decoding=\"async\" class=\"alignnone size-medium wp-image-6472\" src=\"http:\/\/bojornal.pt\/wp-content\/uploads\/2017\/05\/20170510_104642-300x169.jpg\" alt=\"20170510_104642\" width=\"300\" height=\"169\" srcset=\"https:\/\/bojornal.pt\/wp-content\/uploads\/2017\/05\/20170510_104642-300x169.jpg 300w, https:\/\/bojornal.pt\/wp-content\/uploads\/2017\/05\/20170510_104642-1024x576.jpg 1024w\" sizes=\"auto, (max-width: 300px) 100vw, 300px\" \/><\/a><\/p>\n<p>Decorreu ontem, inserido no programa da 7.\u00aa Feira do Emprego, Educa\u00e7\u00e3o e Solidariedade o Workshop &#8220;desperta o teu potencial empreendedor&#8221;, dinamizada pelo professor Jorge Humberto, do Gabinete de empreendedorismo do Instituto Polit\u00e9cnico de Bragan\u00e7a. Esta sess\u00e3o, co-organizada pelo projecto CLDF &#8211; 3G e Agrupamento de Escolas Em\u00eddio Garcia, foi dirigida &#8220;a uma plateia diversificada de alunos do ensino b\u00e1sico ao secund\u00e1rio, incluindo, cursos profissionais&#8221;, sublinhou o professor Carlos Fernandes, que referiu ainda &#8220;tratar-se de uma ac\u00e7\u00e3o dirigida a alunos com perfil empreendedor&#8221;.<\/p>\n<p>Caso, por exemplo, da turma do 8.\u00ba C, cujo projecto foi o eleito no \u00e2mbito do Or\u00e7amento Participativo das Escolas&#8217;2017 e que marcou presen\u00e7a nesta sess\u00e3o.<\/p>\n<p>&nbsp;<\/p>\n","protected":false},"excerpt":{"rendered":"<p>Decorreu ontem, inserido no programa da 7.\u00aa Feira do Emprego, Educa\u00e7\u00e3o e Solidariedade o Workshop &#8220;desperta o teu potencial empreendedor&#8221;, dinamizada pelo professor Jorge Humberto, do Gabinete de empreendedorismo do Instituto Polit\u00e9cnico de Bragan\u00e7a.&#46;&#46;&#46;<\/p>\n","protected":false},"author":2,"featured_media":6474,"comment_status":"closed","ping_status":"closed","sticky":false,"template":"","format":"image","meta":{"footnotes":""},"categories":[2,9,16,10],"tags":[],"class_list":["post-6471","post","type-post","status-publish","format-image","has-post-thumbnail","hentry","category-atualidade","category-em-foco","category-escola-secundaria-emidio-garcia","category-palestras","post_format-post-format-image"],"_links":{"self":[{"href":"https:\/\/bojornal.pt\/index.php?rest_route=\/wp\/v2\/posts\/6471","targetHints":{"allow":["GET"]}}],"collection":[{"href":"https:\/\/bojornal.pt\/index.php?rest_route=\/wp\/v2\/posts"}],"about":[{"href":"https:\/\/bojornal.pt\/index.php?rest_route=\/wp\/v2\/types\/post"}],"author":[{"embeddable":true,"href":"https:\/\/bojornal.pt\/index.php?rest_route=\/wp\/v2\/users\/2"}],"replies":[{"embeddable":true,"href":"https:\/\/bojornal.pt\/index.php?rest_route=%2Fwp%2Fv2%2Fcomments&post=6471"}],"version-history":[{"count":0,"href":"https:\/\/bojornal.pt\/index.php?rest_route=\/wp\/v2\/posts\/6471\/revisions"}],"wp:featuredmedia":[{"embeddable":true,"href":"https:\/\/bojornal.pt\/index.php?rest_route=\/wp\/v2\/media\/6474"}],"wp:attachment":[{"href":"https:\/\/bojornal.pt\/index.php?rest_route=%2Fwp%2Fv2%2Fmedia&parent=6471"}],"wp:term":[{"taxonomy":"category","embeddable":true,"href":"https:\/\/bojornal.pt\/index.php?rest_route=%2Fwp%2Fv2%2Fcategories&post=6471"},{"taxonomy":"post_tag","embeddable":true,"href":"https:\/\/bojornal.pt\/index.php?rest_route=%2Fwp%2Fv2%2Ftags&post=6471"}],"curies":[{"name":"wp","href":"https:\/\/api.w.org\/{rel}","templated":true}]}}