{"id":6451,"date":"2017-05-11T11:13:01","date_gmt":"2017-05-11T10:13:01","guid":{"rendered":"http:\/\/bojornal.pt\/?p=6451"},"modified":"2017-05-11T11:16:15","modified_gmt":"2017-05-11T10:16:15","slug":"aeeg-participa-na-7-a-feira-do-emprego-educacao-e-solidariedade","status":"publish","type":"post","link":"https:\/\/bojornal.pt\/?p=6451","title":{"rendered":"AEEG participa na 7.\u00aa Feira do Emprego, Educa\u00e7\u00e3o e Solidariedade"},"content":{"rendered":"<p><a href=\"http:\/\/bojornal.pt\/wp-content\/uploads\/2017\/05\/20170510_145200-1.jpg\"><img loading=\"lazy\" decoding=\"async\" class=\"alignnone size-medium wp-image-6461\" src=\"http:\/\/bojornal.pt\/wp-content\/uploads\/2017\/05\/20170510_145200-1-300x169.jpg\" alt=\"20170510_145200 (1)\" width=\"300\" height=\"169\" srcset=\"https:\/\/bojornal.pt\/wp-content\/uploads\/2017\/05\/20170510_145200-1-300x169.jpg 300w, https:\/\/bojornal.pt\/wp-content\/uploads\/2017\/05\/20170510_145200-1-1024x576.jpg 1024w\" sizes=\"auto, (max-width: 300px) 100vw, 300px\" \/><\/a><a href=\"http:\/\/bojornal.pt\/wp-content\/uploads\/2017\/05\/20170510_145200.jpg\"><img loading=\"lazy\" decoding=\"async\" class=\"alignnone size-medium wp-image-6462\" src=\"http:\/\/bojornal.pt\/wp-content\/uploads\/2017\/05\/20170510_145200-300x169.jpg\" alt=\"20170510_145200\" width=\"300\" height=\"169\" srcset=\"https:\/\/bojornal.pt\/wp-content\/uploads\/2017\/05\/20170510_145200-300x169.jpg 300w, https:\/\/bojornal.pt\/wp-content\/uploads\/2017\/05\/20170510_145200-1024x576.jpg 1024w\" sizes=\"auto, (max-width: 300px) 100vw, 300px\" \/><\/a><a href=\"http:\/\/bojornal.pt\/wp-content\/uploads\/2017\/05\/20170510_145704.jpg\"><img loading=\"lazy\" decoding=\"async\" class=\"alignnone size-medium wp-image-6463\" src=\"http:\/\/bojornal.pt\/wp-content\/uploads\/2017\/05\/20170510_145704-300x169.jpg\" alt=\"20170510_145704\" width=\"300\" height=\"169\" srcset=\"https:\/\/bojornal.pt\/wp-content\/uploads\/2017\/05\/20170510_145704-300x169.jpg 300w, https:\/\/bojornal.pt\/wp-content\/uploads\/2017\/05\/20170510_145704-1024x576.jpg 1024w\" sizes=\"auto, (max-width: 300px) 100vw, 300px\" \/><\/a><a href=\"http:\/\/bojornal.pt\/wp-content\/uploads\/2017\/05\/20170510_145723.jpg\"><img loading=\"lazy\" decoding=\"async\" class=\"alignnone size-medium wp-image-6464\" src=\"http:\/\/bojornal.pt\/wp-content\/uploads\/2017\/05\/20170510_145723-300x169.jpg\" alt=\"20170510_145723\" width=\"300\" height=\"169\" srcset=\"https:\/\/bojornal.pt\/wp-content\/uploads\/2017\/05\/20170510_145723-300x169.jpg 300w, https:\/\/bojornal.pt\/wp-content\/uploads\/2017\/05\/20170510_145723-1024x576.jpg 1024w\" sizes=\"auto, (max-width: 300px) 100vw, 300px\" \/><\/a><a href=\"http:\/\/bojornal.pt\/wp-content\/uploads\/2017\/05\/20170509_105244.jpg\"><img loading=\"lazy\" decoding=\"async\" class=\"alignnone size-medium wp-image-6453\" src=\"http:\/\/bojornal.pt\/wp-content\/uploads\/2017\/05\/20170509_105244-300x169.jpg\" alt=\"20170509_105244\" width=\"300\" height=\"169\" srcset=\"https:\/\/bojornal.pt\/wp-content\/uploads\/2017\/05\/20170509_105244-300x169.jpg 300w, https:\/\/bojornal.pt\/wp-content\/uploads\/2017\/05\/20170509_105244-1024x576.jpg 1024w\" sizes=\"auto, (max-width: 300px) 100vw, 300px\" \/><\/a> <a href=\"http:\/\/bojornal.pt\/wp-content\/uploads\/2017\/05\/20170509_145132.jpg\"><img loading=\"lazy\" decoding=\"async\" class=\"alignnone size-medium wp-image-6454\" src=\"http:\/\/bojornal.pt\/wp-content\/uploads\/2017\/05\/20170509_145132-300x169.jpg\" alt=\"20170509_145132\" width=\"300\" height=\"169\" srcset=\"https:\/\/bojornal.pt\/wp-content\/uploads\/2017\/05\/20170509_145132-300x169.jpg 300w, https:\/\/bojornal.pt\/wp-content\/uploads\/2017\/05\/20170509_145132-1024x576.jpg 1024w\" sizes=\"auto, (max-width: 300px) 100vw, 300px\" \/><\/a> <a href=\"http:\/\/bojornal.pt\/wp-content\/uploads\/2017\/05\/20170509_145955.jpg\"><img loading=\"lazy\" decoding=\"async\" class=\"alignnone size-medium wp-image-6455\" src=\"http:\/\/bojornal.pt\/wp-content\/uploads\/2017\/05\/20170509_145955-300x169.jpg\" alt=\"20170509_145955\" width=\"300\" height=\"169\" srcset=\"https:\/\/bojornal.pt\/wp-content\/uploads\/2017\/05\/20170509_145955-300x169.jpg 300w, https:\/\/bojornal.pt\/wp-content\/uploads\/2017\/05\/20170509_145955-1024x576.jpg 1024w\" sizes=\"auto, (max-width: 300px) 100vw, 300px\" \/><\/a> <a href=\"http:\/\/bojornal.pt\/wp-content\/uploads\/2017\/05\/20170509_150422.jpg\"><img loading=\"lazy\" decoding=\"async\" class=\"alignnone size-medium wp-image-6456\" src=\"http:\/\/bojornal.pt\/wp-content\/uploads\/2017\/05\/20170509_150422-300x169.jpg\" alt=\"20170509_150422\" width=\"300\" height=\"169\" srcset=\"https:\/\/bojornal.pt\/wp-content\/uploads\/2017\/05\/20170509_150422-300x169.jpg 300w, https:\/\/bojornal.pt\/wp-content\/uploads\/2017\/05\/20170509_150422-1024x576.jpg 1024w\" sizes=\"auto, (max-width: 300px) 100vw, 300px\" \/><\/a> <a href=\"http:\/\/bojornal.pt\/wp-content\/uploads\/2017\/05\/20170509_220934.jpg\"><img loading=\"lazy\" decoding=\"async\" class=\"alignnone size-medium wp-image-6457\" src=\"http:\/\/bojornal.pt\/wp-content\/uploads\/2017\/05\/20170509_220934-300x169.jpg\" alt=\"20170509_220934\" width=\"300\" height=\"169\" srcset=\"https:\/\/bojornal.pt\/wp-content\/uploads\/2017\/05\/20170509_220934-300x169.jpg 300w, https:\/\/bojornal.pt\/wp-content\/uploads\/2017\/05\/20170509_220934-1024x576.jpg 1024w\" sizes=\"auto, (max-width: 300px) 100vw, 300px\" \/><\/a> <a href=\"http:\/\/bojornal.pt\/wp-content\/uploads\/2017\/05\/20170510_142540.jpg\"><img loading=\"lazy\" decoding=\"async\" class=\"alignnone size-medium wp-image-6458\" src=\"http:\/\/bojornal.pt\/wp-content\/uploads\/2017\/05\/20170510_142540-300x169.jpg\" alt=\"20170510_142540\" width=\"300\" height=\"169\" srcset=\"https:\/\/bojornal.pt\/wp-content\/uploads\/2017\/05\/20170510_142540-300x169.jpg 300w, https:\/\/bojornal.pt\/wp-content\/uploads\/2017\/05\/20170510_142540-1024x576.jpg 1024w\" sizes=\"auto, (max-width: 300px) 100vw, 300px\" \/><\/a><\/p>\n<p>Esteve em grande a participa\u00e7\u00e3o do Agrupamento de Escolas Em\u00eddio Garcia (AEEG) na Feira do emprego, educa\u00e7\u00e3o e solidariedade, que vai j\u00e1 na sua 7.\u00aa edi\u00e7\u00e3o. O certame, que encerrou ontem, foi uma excelente mostra do dinamismo da regi\u00e3o, no que \u00e0 empregabilidade, educa\u00e7\u00e3o e solidariedade social diz respeito, com as diversas institui\u00e7\u00f5es de ensino da regi\u00e3o a marcarem presen\u00e7a. O AEEG deixou uma vez mais a sua marca. quer atrav\u00e9s de um stand permanente (com design cuidado do professor Jos\u00e9 Amaro), quer atrav\u00e9s da anima\u00e7\u00e3o art\u00edstica do evento, com performances de dan\u00e7a e m\u00fasica.<\/p>\n","protected":false},"excerpt":{"rendered":"<p>Esteve em grande a participa\u00e7\u00e3o do Agrupamento de Escolas Em\u00eddio Garcia (AEEG) na Feira do emprego, educa\u00e7\u00e3o e solidariedade, que vai j\u00e1 na sua 7.\u00aa edi\u00e7\u00e3o. O certame, que encerrou ontem, foi uma excelente&#46;&#46;&#46;<\/p>\n","protected":false},"author":2,"featured_media":6457,"comment_status":"closed","ping_status":"closed","sticky":false,"template":"","format":"gallery","meta":{"footnotes":""},"categories":[14,2,9,13,16,15],"tags":[],"class_list":["post-6451","post","type-post","status-publish","format-gallery","has-post-thumbnail","hentry","category-1o-ciclo","category-atualidade","category-em-foco","category-escola-paulo-quintela","category-escola-secundaria-emidio-garcia","category-pre-escolar","post_format-post-format-gallery"],"_links":{"self":[{"href":"https:\/\/bojornal.pt\/index.php?rest_route=\/wp\/v2\/posts\/6451","targetHints":{"allow":["GET"]}}],"collection":[{"href":"https:\/\/bojornal.pt\/index.php?rest_route=\/wp\/v2\/posts"}],"about":[{"href":"https:\/\/bojornal.pt\/index.php?rest_route=\/wp\/v2\/types\/post"}],"author":[{"embeddable":true,"href":"https:\/\/bojornal.pt\/index.php?rest_route=\/wp\/v2\/users\/2"}],"replies":[{"embeddable":true,"href":"https:\/\/bojornal.pt\/index.php?rest_route=%2Fwp%2Fv2%2Fcomments&post=6451"}],"version-history":[{"count":0,"href":"https:\/\/bojornal.pt\/index.php?rest_route=\/wp\/v2\/posts\/6451\/revisions"}],"wp:featuredmedia":[{"embeddable":true,"href":"https:\/\/bojornal.pt\/index.php?rest_route=\/wp\/v2\/media\/6457"}],"wp:attachment":[{"href":"https:\/\/bojornal.pt\/index.php?rest_route=%2Fwp%2Fv2%2Fmedia&parent=6451"}],"wp:term":[{"taxonomy":"category","embeddable":true,"href":"https:\/\/bojornal.pt\/index.php?rest_route=%2Fwp%2Fv2%2Fcategories&post=6451"},{"taxonomy":"post_tag","embeddable":true,"href":"https:\/\/bojornal.pt\/index.php?rest_route=%2Fwp%2Fv2%2Ftags&post=6451"}],"curies":[{"name":"wp","href":"https:\/\/api.w.org\/{rel}","templated":true}]}}