{"id":6447,"date":"2017-05-10T15:35:54","date_gmt":"2017-05-10T14:35:54","guid":{"rendered":"http:\/\/bojornal.pt\/?p=6447"},"modified":"2017-05-10T15:36:03","modified_gmt":"2017-05-10T14:36:03","slug":"alunos-de-emrc-participam-em-accoes-de-voluntariado","status":"publish","type":"post","link":"https:\/\/bojornal.pt\/?p=6447","title":{"rendered":"Alunos de EMRC participam em ac\u00e7\u00f5es de voluntariado"},"content":{"rendered":"<p><a href=\"http:\/\/bojornal.pt\/wp-content\/uploads\/2015\/01\/20170504_122544.jpg\"><img loading=\"lazy\" decoding=\"async\" class=\"alignnone size-medium wp-image-6442\" src=\"http:\/\/bojornal.pt\/wp-content\/uploads\/2015\/01\/20170504_122544-300x169.jpg\" alt=\"20170504_122544\" width=\"300\" height=\"169\" srcset=\"https:\/\/bojornal.pt\/wp-content\/uploads\/2015\/01\/20170504_122544-300x169.jpg 300w, https:\/\/bojornal.pt\/wp-content\/uploads\/2015\/01\/20170504_122544-1024x576.jpg 1024w\" sizes=\"auto, (max-width: 300px) 100vw, 300px\" \/><\/a><a href=\"http:\/\/bojornal.pt\/wp-content\/uploads\/2015\/01\/20170504_124515.jpg\"><img loading=\"lazy\" decoding=\"async\" class=\"alignnone size-medium wp-image-6443\" src=\"http:\/\/bojornal.pt\/wp-content\/uploads\/2015\/01\/20170504_124515-300x169.jpg\" alt=\"20170504_124515\" width=\"300\" height=\"169\" srcset=\"https:\/\/bojornal.pt\/wp-content\/uploads\/2015\/01\/20170504_124515-300x169.jpg 300w, https:\/\/bojornal.pt\/wp-content\/uploads\/2015\/01\/20170504_124515-1024x576.jpg 1024w\" sizes=\"auto, (max-width: 300px) 100vw, 300px\" \/><\/a><\/p>\n<p>Os alunos do 10, 11.\u00ba e 12.\u00ba ano da escola secund\u00e1ria Em\u00eddio Garcia encontram-se a desenvolver um projecto de interven\u00e7\u00e3o na comunidade, no \u00e2mbito das aulas de Educa\u00e7\u00e3o Moral e Religiosa Cat\u00f3lica (EMRC). Esta ac\u00e7\u00e3o, que j\u00e1 dura desde o in\u00edcio do presente ano lectivo, tem sido desenvolvida no centro de dia do Centro Comunit\u00e1rio do Santo Condest\u00e1vel, situado na cidade de Bragan\u00e7a e atrav\u00e9s do qual os jovens estudantes t\u00eam convivido com os utentes mais idosos daquela institui\u00e7\u00e3o. Os encontros t\u00eam sido muito proveitosos para ambas as partes e o resultado deste conv\u00edvio entre gera\u00e7\u00f5es t\u00e3o distintas tem sido uma importante li\u00e7\u00e3o de vida para os alunos e professores participantes.<\/p>\n<p>Este \u00e9 um projecto que se iniciou\u00a0no ano lectivo 2014\/15 e que teve continuidade no ano lectivo anterior, mantendo-se actualmente em funcionamento, tendo abrangido desde o seu in\u00edcio outras institui\u00e7\u00f5es de solidariedade social.<\/p>\n","protected":false},"excerpt":{"rendered":"<p>Os alunos do 10, 11.\u00ba e 12.\u00ba ano da escola secund\u00e1ria Em\u00eddio Garcia encontram-se a desenvolver um projecto de interven\u00e7\u00e3o na comunidade, no \u00e2mbito das aulas de Educa\u00e7\u00e3o Moral e Religiosa Cat\u00f3lica (EMRC). Esta&#46;&#46;&#46;<\/p>\n","protected":false},"author":2,"featured_media":6443,"comment_status":"closed","ping_status":"closed","sticky":false,"template":"","format":"gallery","meta":{"footnotes":""},"categories":[2,9,16],"tags":[],"class_list":["post-6447","post","type-post","status-publish","format-gallery","has-post-thumbnail","hentry","category-atualidade","category-em-foco","category-escola-secundaria-emidio-garcia","post_format-post-format-gallery"],"_links":{"self":[{"href":"https:\/\/bojornal.pt\/index.php?rest_route=\/wp\/v2\/posts\/6447","targetHints":{"allow":["GET"]}}],"collection":[{"href":"https:\/\/bojornal.pt\/index.php?rest_route=\/wp\/v2\/posts"}],"about":[{"href":"https:\/\/bojornal.pt\/index.php?rest_route=\/wp\/v2\/types\/post"}],"author":[{"embeddable":true,"href":"https:\/\/bojornal.pt\/index.php?rest_route=\/wp\/v2\/users\/2"}],"replies":[{"embeddable":true,"href":"https:\/\/bojornal.pt\/index.php?rest_route=%2Fwp%2Fv2%2Fcomments&post=6447"}],"version-history":[{"count":0,"href":"https:\/\/bojornal.pt\/index.php?rest_route=\/wp\/v2\/posts\/6447\/revisions"}],"wp:featuredmedia":[{"embeddable":true,"href":"https:\/\/bojornal.pt\/index.php?rest_route=\/wp\/v2\/media\/6443"}],"wp:attachment":[{"href":"https:\/\/bojornal.pt\/index.php?rest_route=%2Fwp%2Fv2%2Fmedia&parent=6447"}],"wp:term":[{"taxonomy":"category","embeddable":true,"href":"https:\/\/bojornal.pt\/index.php?rest_route=%2Fwp%2Fv2%2Fcategories&post=6447"},{"taxonomy":"post_tag","embeddable":true,"href":"https:\/\/bojornal.pt\/index.php?rest_route=%2Fwp%2Fv2%2Ftags&post=6447"}],"curies":[{"name":"wp","href":"https:\/\/api.w.org\/{rel}","templated":true}]}}