{"id":6365,"date":"2017-05-05T12:41:28","date_gmt":"2017-05-05T11:41:28","guid":{"rendered":"http:\/\/bojornal.pt\/?p=6365"},"modified":"2017-05-05T12:41:28","modified_gmt":"2017-05-05T11:41:28","slug":"3xl-disputam-regionais-ja-amanha-em-caminha","status":"publish","type":"post","link":"https:\/\/bojornal.pt\/?p=6365","title":{"rendered":"3XL disputam &#8220;Regionais&#8221; j\u00e1 amanh\u00e3 em Caminha"},"content":{"rendered":"<p><a href=\"http:\/\/bojornal.pt\/wp-content\/uploads\/2017\/03\/Armamar-4.jpg\"><img loading=\"lazy\" decoding=\"async\" class=\"alignnone size-medium wp-image-6008\" src=\"http:\/\/bojornal.pt\/wp-content\/uploads\/2017\/03\/Armamar-4-300x169.jpg\" alt=\"Armamar 4\" width=\"300\" height=\"169\" srcset=\"https:\/\/bojornal.pt\/wp-content\/uploads\/2017\/03\/Armamar-4-300x169.jpg 300w, https:\/\/bojornal.pt\/wp-content\/uploads\/2017\/03\/Armamar-4.jpg 960w\" sizes=\"auto, (max-width: 300px) 100vw, 300px\" \/><\/a> <a href=\"http:\/\/bojornal.pt\/wp-content\/uploads\/2017\/03\/armamar-3.jpg\"><img loading=\"lazy\" decoding=\"async\" class=\"alignnone size-medium wp-image-6007\" src=\"http:\/\/bojornal.pt\/wp-content\/uploads\/2017\/03\/armamar-3-300x169.jpg\" alt=\"armamar 3\" width=\"300\" height=\"169\" srcset=\"https:\/\/bojornal.pt\/wp-content\/uploads\/2017\/03\/armamar-3-300x169.jpg 300w, https:\/\/bojornal.pt\/wp-content\/uploads\/2017\/03\/armamar-3.jpg 960w\" sizes=\"auto, (max-width: 300px) 100vw, 300px\" \/><\/a> <a href=\"http:\/\/bojornal.pt\/wp-content\/uploads\/2017\/03\/armamar-2.jpg\"><img loading=\"lazy\" decoding=\"async\" class=\"alignnone size-medium wp-image-6006\" src=\"http:\/\/bojornal.pt\/wp-content\/uploads\/2017\/03\/armamar-2-300x169.jpg\" alt=\"armamar 2\" width=\"300\" height=\"169\" srcset=\"https:\/\/bojornal.pt\/wp-content\/uploads\/2017\/03\/armamar-2-300x169.jpg 300w, https:\/\/bojornal.pt\/wp-content\/uploads\/2017\/03\/armamar-2.jpg 960w\" sizes=\"auto, (max-width: 300px) 100vw, 300px\" \/><\/a><\/p>\n<p>O Grupo de dan\u00e7a do Agrupamento de Escolas Em\u00eddio Garcia vai participar amanh\u00e3, dia 6 de Maio, nos Campeonatos Regionais de Dan\u00e7as R\u00edtmicas. Os 3XL v\u00e3o apresentar duas das coreografias com que se destacaram na fase distrital da competi\u00e7\u00e3o, ao longo das provas j\u00e1 realizadas no presente ano lectivo.<\/p>\n<p>Com grupos de toda a regi\u00e3o norte do pa\u00eds, os 3XL v\u00e3o tentar desafiar o favoritismo do grupo de dan\u00e7a da escola Rosa Peixoto (P\u00f3voa do Varzim), que tem dominado a fase regional nas \u00faltimas edi\u00e7\u00f5es.<\/p>\n","protected":false},"excerpt":{"rendered":"<p>O Grupo de dan\u00e7a do Agrupamento de Escolas Em\u00eddio Garcia vai participar amanh\u00e3, dia 6 de Maio, nos Campeonatos Regionais de Dan\u00e7as R\u00edtmicas. Os 3XL v\u00e3o apresentar duas das coreografias com que se destacaram&#46;&#46;&#46;<\/p>\n","protected":false},"author":2,"featured_media":6008,"comment_status":"closed","ping_status":"closed","sticky":false,"template":"","format":"gallery","meta":{"footnotes":""},"categories":[2,9,16],"tags":[],"class_list":["post-6365","post","type-post","status-publish","format-gallery","has-post-thumbnail","hentry","category-atualidade","category-em-foco","category-escola-secundaria-emidio-garcia","post_format-post-format-gallery"],"_links":{"self":[{"href":"https:\/\/bojornal.pt\/index.php?rest_route=\/wp\/v2\/posts\/6365","targetHints":{"allow":["GET"]}}],"collection":[{"href":"https:\/\/bojornal.pt\/index.php?rest_route=\/wp\/v2\/posts"}],"about":[{"href":"https:\/\/bojornal.pt\/index.php?rest_route=\/wp\/v2\/types\/post"}],"author":[{"embeddable":true,"href":"https:\/\/bojornal.pt\/index.php?rest_route=\/wp\/v2\/users\/2"}],"replies":[{"embeddable":true,"href":"https:\/\/bojornal.pt\/index.php?rest_route=%2Fwp%2Fv2%2Fcomments&post=6365"}],"version-history":[{"count":0,"href":"https:\/\/bojornal.pt\/index.php?rest_route=\/wp\/v2\/posts\/6365\/revisions"}],"wp:featuredmedia":[{"embeddable":true,"href":"https:\/\/bojornal.pt\/index.php?rest_route=\/wp\/v2\/media\/6008"}],"wp:attachment":[{"href":"https:\/\/bojornal.pt\/index.php?rest_route=%2Fwp%2Fv2%2Fmedia&parent=6365"}],"wp:term":[{"taxonomy":"category","embeddable":true,"href":"https:\/\/bojornal.pt\/index.php?rest_route=%2Fwp%2Fv2%2Fcategories&post=6365"},{"taxonomy":"post_tag","embeddable":true,"href":"https:\/\/bojornal.pt\/index.php?rest_route=%2Fwp%2Fv2%2Ftags&post=6365"}],"curies":[{"name":"wp","href":"https:\/\/api.w.org\/{rel}","templated":true}]}}