{"id":6339,"date":"2017-05-05T10:46:16","date_gmt":"2017-05-05T09:46:16","guid":{"rendered":"http:\/\/bojornal.pt\/?p=6339"},"modified":"2017-05-05T10:46:16","modified_gmt":"2017-05-05T09:46:16","slug":"gruteg-em-contagem-descrescente-ate-um-dia","status":"publish","type":"post","link":"https:\/\/bojornal.pt\/?p=6339","title":{"rendered":"Gruteg em contagem descrescente at\u00e9 &#8220;Um dia&#8221;"},"content":{"rendered":"<p><a href=\"http:\/\/bojornal.pt\/wp-content\/uploads\/2017\/05\/IMG_0123.jpg\"><img loading=\"lazy\" decoding=\"async\" class=\"alignnone size-medium wp-image-6340\" src=\"http:\/\/bojornal.pt\/wp-content\/uploads\/2017\/05\/IMG_0123-300x200.jpg\" alt=\"IMG_0123\" width=\"300\" height=\"200\" srcset=\"https:\/\/bojornal.pt\/wp-content\/uploads\/2017\/05\/IMG_0123-300x200.jpg 300w, https:\/\/bojornal.pt\/wp-content\/uploads\/2017\/05\/IMG_0123-1024x683.jpg 1024w\" sizes=\"auto, (max-width: 300px) 100vw, 300px\" \/><\/a> <a href=\"http:\/\/bojornal.pt\/wp-content\/uploads\/2017\/05\/IMG_0124.jpg\"><img loading=\"lazy\" decoding=\"async\" class=\"alignnone size-medium wp-image-6341\" src=\"http:\/\/bojornal.pt\/wp-content\/uploads\/2017\/05\/IMG_0124-300x200.jpg\" alt=\"IMG_0124\" width=\"300\" height=\"200\" srcset=\"https:\/\/bojornal.pt\/wp-content\/uploads\/2017\/05\/IMG_0124-300x200.jpg 300w, https:\/\/bojornal.pt\/wp-content\/uploads\/2017\/05\/IMG_0124-1024x683.jpg 1024w\" sizes=\"auto, (max-width: 300px) 100vw, 300px\" \/><\/a> <a href=\"http:\/\/bojornal.pt\/wp-content\/uploads\/2017\/05\/IMG_0125.jpg\"><img loading=\"lazy\" decoding=\"async\" class=\"alignnone size-medium wp-image-6342\" src=\"http:\/\/bojornal.pt\/wp-content\/uploads\/2017\/05\/IMG_0125-300x200.jpg\" alt=\"IMG_0125\" width=\"300\" height=\"200\" srcset=\"https:\/\/bojornal.pt\/wp-content\/uploads\/2017\/05\/IMG_0125-300x200.jpg 300w, https:\/\/bojornal.pt\/wp-content\/uploads\/2017\/05\/IMG_0125-1024x683.jpg 1024w\" sizes=\"auto, (max-width: 300px) 100vw, 300px\" \/><\/a> <a href=\"http:\/\/bojornal.pt\/wp-content\/uploads\/2017\/05\/IMG_0136.jpg\"><img loading=\"lazy\" decoding=\"async\" class=\"alignnone size-medium wp-image-6350\" src=\"http:\/\/bojornal.pt\/wp-content\/uploads\/2017\/05\/IMG_0136-300x200.jpg\" alt=\"IMG_0136\" width=\"300\" height=\"200\" srcset=\"https:\/\/bojornal.pt\/wp-content\/uploads\/2017\/05\/IMG_0136-300x200.jpg 300w, https:\/\/bojornal.pt\/wp-content\/uploads\/2017\/05\/IMG_0136-1024x683.jpg 1024w\" sizes=\"auto, (max-width: 300px) 100vw, 300px\" \/><\/a> <a href=\"http:\/\/bojornal.pt\/wp-content\/uploads\/2017\/05\/IMG_0133.jpg\"><img loading=\"lazy\" decoding=\"async\" class=\"alignnone size-medium wp-image-6349\" src=\"http:\/\/bojornal.pt\/wp-content\/uploads\/2017\/05\/IMG_0133-300x200.jpg\" alt=\"IMG_0133\" width=\"300\" height=\"200\" srcset=\"https:\/\/bojornal.pt\/wp-content\/uploads\/2017\/05\/IMG_0133-300x200.jpg 300w, https:\/\/bojornal.pt\/wp-content\/uploads\/2017\/05\/IMG_0133-1024x683.jpg 1024w\" sizes=\"auto, (max-width: 300px) 100vw, 300px\" \/><\/a> <a href=\"http:\/\/bojornal.pt\/wp-content\/uploads\/2017\/05\/IMG_0131.jpg\"><img loading=\"lazy\" decoding=\"async\" class=\"alignnone size-medium wp-image-6347\" src=\"http:\/\/bojornal.pt\/wp-content\/uploads\/2017\/05\/IMG_0131-300x200.jpg\" alt=\"IMG_0131\" width=\"300\" height=\"200\" srcset=\"https:\/\/bojornal.pt\/wp-content\/uploads\/2017\/05\/IMG_0131-300x200.jpg 300w, https:\/\/bojornal.pt\/wp-content\/uploads\/2017\/05\/IMG_0131-1024x683.jpg 1024w\" sizes=\"auto, (max-width: 300px) 100vw, 300px\" \/><\/a> <a href=\"http:\/\/bojornal.pt\/wp-content\/uploads\/2017\/05\/IMG_0129.jpg\"><img loading=\"lazy\" decoding=\"async\" class=\"alignnone size-medium wp-image-6345\" src=\"http:\/\/bojornal.pt\/wp-content\/uploads\/2017\/05\/IMG_0129-300x200.jpg\" alt=\"IMG_0129\" width=\"300\" height=\"200\" srcset=\"https:\/\/bojornal.pt\/wp-content\/uploads\/2017\/05\/IMG_0129-300x200.jpg 300w, https:\/\/bojornal.pt\/wp-content\/uploads\/2017\/05\/IMG_0129-1024x683.jpg 1024w\" sizes=\"auto, (max-width: 300px) 100vw, 300px\" \/><\/a> <a href=\"http:\/\/bojornal.pt\/wp-content\/uploads\/2017\/05\/IMG_0128.jpg\"><img loading=\"lazy\" decoding=\"async\" class=\"alignnone size-medium wp-image-6344\" src=\"http:\/\/bojornal.pt\/wp-content\/uploads\/2017\/05\/IMG_0128-300x200.jpg\" alt=\"IMG_0128\" width=\"300\" height=\"200\" srcset=\"https:\/\/bojornal.pt\/wp-content\/uploads\/2017\/05\/IMG_0128-300x200.jpg 300w, https:\/\/bojornal.pt\/wp-content\/uploads\/2017\/05\/IMG_0128-1024x683.jpg 1024w\" sizes=\"auto, (max-width: 300px) 100vw, 300px\" \/><\/a> <a href=\"http:\/\/bojornal.pt\/wp-content\/uploads\/2017\/05\/IMG_0126.jpg\"><img loading=\"lazy\" decoding=\"async\" class=\"alignnone size-medium wp-image-6343\" src=\"http:\/\/bojornal.pt\/wp-content\/uploads\/2017\/05\/IMG_0126-300x200.jpg\" alt=\"IMG_0126\" width=\"300\" height=\"200\" srcset=\"https:\/\/bojornal.pt\/wp-content\/uploads\/2017\/05\/IMG_0126-300x200.jpg 300w, https:\/\/bojornal.pt\/wp-content\/uploads\/2017\/05\/IMG_0126-1024x683.jpg 1024w\" sizes=\"auto, (max-width: 300px) 100vw, 300px\" \/><\/a> <a href=\"http:\/\/bojornal.pt\/wp-content\/uploads\/2017\/05\/IMG_0137.jpg\"><img loading=\"lazy\" decoding=\"async\" class=\"alignnone size-medium wp-image-6351\" src=\"http:\/\/bojornal.pt\/wp-content\/uploads\/2017\/05\/IMG_0137-300x200.jpg\" alt=\"IMG_0137\" width=\"300\" height=\"200\" srcset=\"https:\/\/bojornal.pt\/wp-content\/uploads\/2017\/05\/IMG_0137-300x200.jpg 300w, https:\/\/bojornal.pt\/wp-content\/uploads\/2017\/05\/IMG_0137-1024x683.jpg 1024w\" sizes=\"auto, (max-width: 300px) 100vw, 300px\" \/><\/a> <a href=\"http:\/\/bojornal.pt\/wp-content\/uploads\/2017\/05\/IMG_0138.jpg\"><img loading=\"lazy\" decoding=\"async\" class=\"alignnone size-medium wp-image-6352\" src=\"http:\/\/bojornal.pt\/wp-content\/uploads\/2017\/05\/IMG_0138-300x200.jpg\" alt=\"IMG_0138\" width=\"300\" height=\"200\" srcset=\"https:\/\/bojornal.pt\/wp-content\/uploads\/2017\/05\/IMG_0138-300x200.jpg 300w, https:\/\/bojornal.pt\/wp-content\/uploads\/2017\/05\/IMG_0138-1024x683.jpg 1024w\" sizes=\"auto, (max-width: 300px) 100vw, 300px\" \/><\/a> <a href=\"http:\/\/bojornal.pt\/wp-content\/uploads\/2017\/05\/IMG_0141.jpg\"><img loading=\"lazy\" decoding=\"async\" class=\"alignnone size-medium wp-image-6354\" src=\"http:\/\/bojornal.pt\/wp-content\/uploads\/2017\/05\/IMG_0141-300x200.jpg\" alt=\"IMG_0141\" width=\"300\" height=\"200\" srcset=\"https:\/\/bojornal.pt\/wp-content\/uploads\/2017\/05\/IMG_0141-300x200.jpg 300w, https:\/\/bojornal.pt\/wp-content\/uploads\/2017\/05\/IMG_0141-1024x683.jpg 1024w\" sizes=\"auto, (max-width: 300px) 100vw, 300px\" \/><\/a> <a href=\"http:\/\/bojornal.pt\/wp-content\/uploads\/2017\/05\/IMG_0134.jpg\"><img loading=\"lazy\" decoding=\"async\" class=\"alignnone size-medium wp-image-6356\" src=\"http:\/\/bojornal.pt\/wp-content\/uploads\/2017\/05\/IMG_0134-300x200.jpg\" alt=\"IMG_0134\" width=\"300\" height=\"200\" srcset=\"https:\/\/bojornal.pt\/wp-content\/uploads\/2017\/05\/IMG_0134-300x200.jpg 300w, https:\/\/bojornal.pt\/wp-content\/uploads\/2017\/05\/IMG_0134-1024x683.jpg 1024w\" sizes=\"auto, (max-width: 300px) 100vw, 300px\" \/><\/a> <a href=\"http:\/\/bojornal.pt\/wp-content\/uploads\/2017\/05\/IMG_0142.jpg\"><img loading=\"lazy\" decoding=\"async\" class=\"alignnone size-medium wp-image-6355\" src=\"http:\/\/bojornal.pt\/wp-content\/uploads\/2017\/05\/IMG_0142-300x200.jpg\" alt=\"IMG_0142\" width=\"300\" height=\"200\" srcset=\"https:\/\/bojornal.pt\/wp-content\/uploads\/2017\/05\/IMG_0142-300x200.jpg 300w, https:\/\/bojornal.pt\/wp-content\/uploads\/2017\/05\/IMG_0142-1024x683.jpg 1024w\" sizes=\"auto, (max-width: 300px) 100vw, 300px\" \/><\/a><\/p>\n<p>O Grupo de Teatro Em\u00eddio Garcia (Gruteg), sob a coordena\u00e7\u00e3o art\u00edstica do professor Ac\u00e1cio Pradinhos, encontra-se a ensaiar a pe\u00e7a &#8220;Um dia&#8221;, uma adapta\u00e7\u00e3o feita pelas alunas Catarina Parreiras e Paula Sousa a partir do filme &#8220;Extremamente alto, incrivelmente perto&#8221;, da Warner Bros, por sua vez inspirado no livro de Jonathan Foer, com o mesmo t\u00edtulo.<\/p>\n<p>A reportagem do bojornal foi ao encontro do grupo, que \u00e9 constitu\u00eddo por 38 alunos da ESEG, durante uma das sess\u00f5es de ensaio, que decorrem a ritmo acelerado no Sal\u00e3o Nobre do Liceu.<\/p>\n<p>Segundo o professor Ac\u00e1cio Pradinhos, que encena e coordena todo o espect\u00e1culo, a pe\u00e7a &#8220;tem a ver com o dia-a-dia das pessoas, com diferentes problemas e perspectivas de vida, que \u00e9 tamb\u00e9m a mat\u00e9ria de que \u00e9 feita o quotidiano dos nossos jovens&#8221;, referiu.<\/p>\n<p>Na sinopse enviada \u00e0 imprensa pode ler-se que &#8220;<em>Um Dia<\/em> narra a vida de Paulo, Leonardo, Ol\u00edvia e outros jovens que parecem, \u00e0 primeira vista, n\u00e3o ter nada em comum. As suas vidas, no entanto, s\u00e3o mais semelhantes do que algum deles gostaria de admitir, mas o Diabo, j\u00e1 o prov\u00e9rbio diz, mora nos detalhes&#8221;.<\/p>\n<p>A pe\u00e7a ser\u00e1 apresentada no Teatro Municipal de Bragan\u00e7a, no pr\u00f3ximo dia 25 de Maio, pelas 21h30, no \u00e2mbito da j\u00e1 tradicional mostra de teatro escolar, com reposi\u00e7\u00e3o no dia seguinte, \u00e0s 10h30.<\/p>\n<p>&nbsp;<\/p>\n","protected":false},"excerpt":{"rendered":"<p>O Grupo de Teatro Em\u00eddio Garcia (Gruteg), sob a coordena\u00e7\u00e3o art\u00edstica do professor Ac\u00e1cio Pradinhos, encontra-se a ensaiar a pe\u00e7a &#8220;Um dia&#8221;, uma adapta\u00e7\u00e3o feita pelas alunas Catarina Parreiras e Paula Sousa a partir&#46;&#46;&#46;<\/p>\n","protected":false},"author":2,"featured_media":6352,"comment_status":"closed","ping_status":"closed","sticky":false,"template":"","format":"gallery","meta":{"footnotes":""},"categories":[2,3,9,16],"tags":[],"class_list":["post-6339","post","type-post","status-publish","format-gallery","has-post-thumbnail","hentry","category-atualidade","category-cultura","category-em-foco","category-escola-secundaria-emidio-garcia","post_format-post-format-gallery"],"_links":{"self":[{"href":"https:\/\/bojornal.pt\/index.php?rest_route=\/wp\/v2\/posts\/6339","targetHints":{"allow":["GET"]}}],"collection":[{"href":"https:\/\/bojornal.pt\/index.php?rest_route=\/wp\/v2\/posts"}],"about":[{"href":"https:\/\/bojornal.pt\/index.php?rest_route=\/wp\/v2\/types\/post"}],"author":[{"embeddable":true,"href":"https:\/\/bojornal.pt\/index.php?rest_route=\/wp\/v2\/users\/2"}],"replies":[{"embeddable":true,"href":"https:\/\/bojornal.pt\/index.php?rest_route=%2Fwp%2Fv2%2Fcomments&post=6339"}],"version-history":[{"count":0,"href":"https:\/\/bojornal.pt\/index.php?rest_route=\/wp\/v2\/posts\/6339\/revisions"}],"wp:featuredmedia":[{"embeddable":true,"href":"https:\/\/bojornal.pt\/index.php?rest_route=\/wp\/v2\/media\/6352"}],"wp:attachment":[{"href":"https:\/\/bojornal.pt\/index.php?rest_route=%2Fwp%2Fv2%2Fmedia&parent=6339"}],"wp:term":[{"taxonomy":"category","embeddable":true,"href":"https:\/\/bojornal.pt\/index.php?rest_route=%2Fwp%2Fv2%2Fcategories&post=6339"},{"taxonomy":"post_tag","embeddable":true,"href":"https:\/\/bojornal.pt\/index.php?rest_route=%2Fwp%2Fv2%2Ftags&post=6339"}],"curies":[{"name":"wp","href":"https:\/\/api.w.org\/{rel}","templated":true}]}}