{"id":6295,"date":"2017-05-03T12:29:47","date_gmt":"2017-05-03T11:29:47","guid":{"rendered":"http:\/\/bojornal.pt\/?p=6295"},"modified":"2017-05-04T09:19:02","modified_gmt":"2017-05-04T08:19:02","slug":"alunos-da-paulo-quintela-visitam-empresas-de-sucesso-em-braganca","status":"publish","type":"post","link":"https:\/\/bojornal.pt\/?p=6295","title":{"rendered":"Alunos da Paulo Quintela visitam empresas de sucesso em Bragan\u00e7a"},"content":{"rendered":"<p><a href=\"http:\/\/bojornal.pt\/wp-content\/uploads\/2017\/05\/20170426_103454.jpg\"><img loading=\"lazy\" decoding=\"async\" class=\"alignnone size-medium wp-image-6299\" src=\"http:\/\/bojornal.pt\/wp-content\/uploads\/2017\/05\/20170426_103454-300x169.jpg\" alt=\"20170426_103454\" width=\"300\" height=\"169\" srcset=\"https:\/\/bojornal.pt\/wp-content\/uploads\/2017\/05\/20170426_103454-300x169.jpg 300w, https:\/\/bojornal.pt\/wp-content\/uploads\/2017\/05\/20170426_103454-1024x576.jpg 1024w\" sizes=\"auto, (max-width: 300px) 100vw, 300px\" \/><\/a> <a href=\"http:\/\/bojornal.pt\/wp-content\/uploads\/2017\/05\/20170426_103720.jpg\"><img loading=\"lazy\" decoding=\"async\" class=\"alignnone size-medium wp-image-6300\" src=\"http:\/\/bojornal.pt\/wp-content\/uploads\/2017\/05\/20170426_103720-300x169.jpg\" alt=\"20170426_103720\" width=\"300\" height=\"169\" srcset=\"https:\/\/bojornal.pt\/wp-content\/uploads\/2017\/05\/20170426_103720-300x169.jpg 300w, https:\/\/bojornal.pt\/wp-content\/uploads\/2017\/05\/20170426_103720-1024x576.jpg 1024w\" sizes=\"auto, (max-width: 300px) 100vw, 300px\" \/><\/a> <a href=\"http:\/\/bojornal.pt\/wp-content\/uploads\/2017\/05\/20170426_103939.jpg\"><img loading=\"lazy\" decoding=\"async\" class=\"alignnone size-medium wp-image-6301\" src=\"http:\/\/bojornal.pt\/wp-content\/uploads\/2017\/05\/20170426_103939-300x169.jpg\" alt=\"20170426_103939\" width=\"300\" height=\"169\" srcset=\"https:\/\/bojornal.pt\/wp-content\/uploads\/2017\/05\/20170426_103939-300x169.jpg 300w, https:\/\/bojornal.pt\/wp-content\/uploads\/2017\/05\/20170426_103939-1024x576.jpg 1024w\" sizes=\"auto, (max-width: 300px) 100vw, 300px\" \/><\/a> <a href=\"http:\/\/bojornal.pt\/wp-content\/uploads\/2017\/05\/20170426_103943.jpg\"><img loading=\"lazy\" decoding=\"async\" class=\"alignnone size-medium wp-image-6302\" src=\"http:\/\/bojornal.pt\/wp-content\/uploads\/2017\/05\/20170426_103943-300x169.jpg\" alt=\"20170426_103943\" width=\"300\" height=\"169\" srcset=\"https:\/\/bojornal.pt\/wp-content\/uploads\/2017\/05\/20170426_103943-300x169.jpg 300w, https:\/\/bojornal.pt\/wp-content\/uploads\/2017\/05\/20170426_103943-1024x576.jpg 1024w\" sizes=\"auto, (max-width: 300px) 100vw, 300px\" \/><\/a> <a href=\"http:\/\/bojornal.pt\/wp-content\/uploads\/2017\/05\/IMG_4245.jpg\"><img loading=\"lazy\" decoding=\"async\" class=\"alignnone size-medium wp-image-6303\" src=\"http:\/\/bojornal.pt\/wp-content\/uploads\/2017\/05\/IMG_4245-300x300.jpg\" alt=\"IMG_4245\" width=\"300\" height=\"300\" srcset=\"https:\/\/bojornal.pt\/wp-content\/uploads\/2017\/05\/IMG_4245-300x300.jpg 300w, https:\/\/bojornal.pt\/wp-content\/uploads\/2017\/05\/IMG_4245-150x150.jpg 150w, https:\/\/bojornal.pt\/wp-content\/uploads\/2017\/05\/IMG_4245-1024x1024.jpg 1024w, https:\/\/bojornal.pt\/wp-content\/uploads\/2017\/05\/IMG_4245-160x160.jpg 160w, https:\/\/bojornal.pt\/wp-content\/uploads\/2017\/05\/IMG_4245-320x320.jpg 320w\" sizes=\"auto, (max-width: 300px) 100vw, 300px\" \/><\/a> <a href=\"http:\/\/bojornal.pt\/wp-content\/uploads\/2017\/05\/IMG_4246.jpg\"><img loading=\"lazy\" decoding=\"async\" class=\"alignnone size-medium wp-image-6304\" src=\"http:\/\/bojornal.pt\/wp-content\/uploads\/2017\/05\/IMG_4246-300x300.jpg\" alt=\"IMG_4246\" width=\"300\" height=\"300\" srcset=\"https:\/\/bojornal.pt\/wp-content\/uploads\/2017\/05\/IMG_4246-300x300.jpg 300w, https:\/\/bojornal.pt\/wp-content\/uploads\/2017\/05\/IMG_4246-150x150.jpg 150w, https:\/\/bojornal.pt\/wp-content\/uploads\/2017\/05\/IMG_4246-1024x1024.jpg 1024w, https:\/\/bojornal.pt\/wp-content\/uploads\/2017\/05\/IMG_4246-160x160.jpg 160w, https:\/\/bojornal.pt\/wp-content\/uploads\/2017\/05\/IMG_4246-320x320.jpg 320w\" sizes=\"auto, (max-width: 300px) 100vw, 300px\" \/><\/a> <a href=\"http:\/\/bojornal.pt\/wp-content\/uploads\/2017\/05\/IMG_4248.jpg\"><img loading=\"lazy\" decoding=\"async\" class=\"alignnone size-medium wp-image-6305\" src=\"http:\/\/bojornal.pt\/wp-content\/uploads\/2017\/05\/IMG_4248-300x300.jpg\" alt=\"IMG_4248\" width=\"300\" height=\"300\" srcset=\"https:\/\/bojornal.pt\/wp-content\/uploads\/2017\/05\/IMG_4248-300x300.jpg 300w, https:\/\/bojornal.pt\/wp-content\/uploads\/2017\/05\/IMG_4248-150x150.jpg 150w, https:\/\/bojornal.pt\/wp-content\/uploads\/2017\/05\/IMG_4248-1024x1024.jpg 1024w, https:\/\/bojornal.pt\/wp-content\/uploads\/2017\/05\/IMG_4248-160x160.jpg 160w, https:\/\/bojornal.pt\/wp-content\/uploads\/2017\/05\/IMG_4248-320x320.jpg 320w\" sizes=\"auto, (max-width: 300px) 100vw, 300px\" \/><\/a> <a href=\"http:\/\/bojornal.pt\/wp-content\/uploads\/2017\/05\/IMG_4251.jpg\"><img loading=\"lazy\" decoding=\"async\" class=\"alignnone size-medium wp-image-6306\" src=\"http:\/\/bojornal.pt\/wp-content\/uploads\/2017\/05\/IMG_4251-300x300.jpg\" alt=\"IMG_4251\" width=\"300\" height=\"300\" srcset=\"https:\/\/bojornal.pt\/wp-content\/uploads\/2017\/05\/IMG_4251-300x300.jpg 300w, https:\/\/bojornal.pt\/wp-content\/uploads\/2017\/05\/IMG_4251-150x150.jpg 150w, https:\/\/bojornal.pt\/wp-content\/uploads\/2017\/05\/IMG_4251-1024x1024.jpg 1024w, https:\/\/bojornal.pt\/wp-content\/uploads\/2017\/05\/IMG_4251-160x160.jpg 160w, https:\/\/bojornal.pt\/wp-content\/uploads\/2017\/05\/IMG_4251-320x320.jpg 320w\" sizes=\"auto, (max-width: 300px) 100vw, 300px\" \/><\/a> <a href=\"http:\/\/bojornal.pt\/wp-content\/uploads\/2017\/05\/IMG_4253.jpg\"><img loading=\"lazy\" decoding=\"async\" class=\"alignnone size-medium wp-image-6307\" src=\"http:\/\/bojornal.pt\/wp-content\/uploads\/2017\/05\/IMG_4253-300x300.jpg\" alt=\"IMG_4253\" width=\"300\" height=\"300\" srcset=\"https:\/\/bojornal.pt\/wp-content\/uploads\/2017\/05\/IMG_4253-300x300.jpg 300w, https:\/\/bojornal.pt\/wp-content\/uploads\/2017\/05\/IMG_4253-150x150.jpg 150w, https:\/\/bojornal.pt\/wp-content\/uploads\/2017\/05\/IMG_4253-1024x1024.jpg 1024w, https:\/\/bojornal.pt\/wp-content\/uploads\/2017\/05\/IMG_4253-160x160.jpg 160w, https:\/\/bojornal.pt\/wp-content\/uploads\/2017\/05\/IMG_4253-320x320.jpg 320w\" sizes=\"auto, (max-width: 300px) 100vw, 300px\" \/><\/a> <a href=\"http:\/\/bojornal.pt\/wp-content\/uploads\/2017\/05\/IMG_4258.jpg\"><img loading=\"lazy\" decoding=\"async\" class=\"alignnone size-medium wp-image-6308\" src=\"http:\/\/bojornal.pt\/wp-content\/uploads\/2017\/05\/IMG_4258-300x300.jpg\" alt=\"IMG_4258\" width=\"300\" height=\"300\" srcset=\"https:\/\/bojornal.pt\/wp-content\/uploads\/2017\/05\/IMG_4258-300x300.jpg 300w, https:\/\/bojornal.pt\/wp-content\/uploads\/2017\/05\/IMG_4258-150x150.jpg 150w, https:\/\/bojornal.pt\/wp-content\/uploads\/2017\/05\/IMG_4258-1024x1024.jpg 1024w, https:\/\/bojornal.pt\/wp-content\/uploads\/2017\/05\/IMG_4258-160x160.jpg 160w, https:\/\/bojornal.pt\/wp-content\/uploads\/2017\/05\/IMG_4258-320x320.jpg 320w\" sizes=\"auto, (max-width: 300px) 100vw, 300px\" \/><\/a><\/p>\n<p>No \u00e2mbito\u00a0do &#8220;Educar para o empreendedorismo&#8221;, cuja implementa\u00e7\u00e3o na escola Paulo Quintela teve in\u00edcio no ano letivo anterior, em colabora\u00e7\u00e3o com o NERBA- N\u00facleo Empresarial da Regi\u00e3o de Bragan\u00e7a, os alunos encontram-se ao longo deste 3. per\u00edodo a visitar algumas empresas de sucesso da nossa cidade. Trata-se de dar\u00a0continuidade \u00e0s actividades que decorreram nos 1\u00ba e 2\u00ba per\u00edodos, em que os mentores (representantes de diversas empresas) se deslocaram \u00e0 nossa escola para contactar directamente com os nossos alunos.<\/p>\n<p>Algumas\u00a0turmas de 5.\u00ba ano j\u00e1 foram\u00a0recebidas e encaminhadas pelo Chef Eurico Castro na empresa &#8220;Rota dos sabores&#8221; e as de 6.\u00ba pelo director art\u00edstico V\u00edtor Gomes, na empresa &#8220;Vam\u00fasica&#8221;.<\/p>\n<p>Todas as turmas ter\u00e3o oportunidade de visitar estas empresas at\u00e9 ao final do presente ano lectivo.<\/p>\n<p>&nbsp;<\/p>\n","protected":false},"excerpt":{"rendered":"<p>No \u00e2mbito\u00a0do &#8220;Educar para o empreendedorismo&#8221;, cuja implementa\u00e7\u00e3o na escola Paulo Quintela teve in\u00edcio no ano letivo anterior, em colabora\u00e7\u00e3o com o NERBA- N\u00facleo Empresarial da Regi\u00e3o de Bragan\u00e7a, os alunos encontram-se ao longo&#46;&#46;&#46;<\/p>\n","protected":false},"author":2,"featured_media":6304,"comment_status":"closed","ping_status":"closed","sticky":false,"template":"","format":"gallery","meta":{"footnotes":""},"categories":[2,9,13],"tags":[],"class_list":["post-6295","post","type-post","status-publish","format-gallery","has-post-thumbnail","hentry","category-atualidade","category-em-foco","category-escola-paulo-quintela","post_format-post-format-gallery"],"_links":{"self":[{"href":"https:\/\/bojornal.pt\/index.php?rest_route=\/wp\/v2\/posts\/6295","targetHints":{"allow":["GET"]}}],"collection":[{"href":"https:\/\/bojornal.pt\/index.php?rest_route=\/wp\/v2\/posts"}],"about":[{"href":"https:\/\/bojornal.pt\/index.php?rest_route=\/wp\/v2\/types\/post"}],"author":[{"embeddable":true,"href":"https:\/\/bojornal.pt\/index.php?rest_route=\/wp\/v2\/users\/2"}],"replies":[{"embeddable":true,"href":"https:\/\/bojornal.pt\/index.php?rest_route=%2Fwp%2Fv2%2Fcomments&post=6295"}],"version-history":[{"count":0,"href":"https:\/\/bojornal.pt\/index.php?rest_route=\/wp\/v2\/posts\/6295\/revisions"}],"wp:featuredmedia":[{"embeddable":true,"href":"https:\/\/bojornal.pt\/index.php?rest_route=\/wp\/v2\/media\/6304"}],"wp:attachment":[{"href":"https:\/\/bojornal.pt\/index.php?rest_route=%2Fwp%2Fv2%2Fmedia&parent=6295"}],"wp:term":[{"taxonomy":"category","embeddable":true,"href":"https:\/\/bojornal.pt\/index.php?rest_route=%2Fwp%2Fv2%2Fcategories&post=6295"},{"taxonomy":"post_tag","embeddable":true,"href":"https:\/\/bojornal.pt\/index.php?rest_route=%2Fwp%2Fv2%2Ftags&post=6295"}],"curies":[{"name":"wp","href":"https:\/\/api.w.org\/{rel}","templated":true}]}}