{"id":6239,"date":"2017-04-28T20:53:56","date_gmt":"2017-04-28T19:53:56","guid":{"rendered":"http:\/\/bojornal.pt\/?p=6239"},"modified":"2017-04-28T20:53:56","modified_gmt":"2017-04-28T19:53:56","slug":"a-conversa-sobre-a-constituicao-da-republica","status":"publish","type":"post","link":"https:\/\/bojornal.pt\/?p=6239","title":{"rendered":"&#8220;\u00c0 conversa sobre a Constitui\u00e7\u00e3o da Rep\u00fablica&#8221;"},"content":{"rendered":"<p><a href=\"http:\/\/bojornal.pt\/wp-content\/uploads\/2017\/04\/IMG_00461.jpg\"><img loading=\"lazy\" decoding=\"async\" class=\"alignnone size-medium wp-image-6241\" src=\"http:\/\/bojornal.pt\/wp-content\/uploads\/2017\/04\/IMG_00461-300x200.jpg\" alt=\"IMG_0046\" width=\"300\" height=\"200\" \/><\/a> <a href=\"http:\/\/bojornal.pt\/wp-content\/uploads\/2017\/04\/IMG_0083.jpg\"><img loading=\"lazy\" decoding=\"async\" class=\"alignnone size-medium wp-image-6242\" src=\"http:\/\/bojornal.pt\/wp-content\/uploads\/2017\/04\/IMG_0083-300x200.jpg\" alt=\"IMG_0083\" width=\"300\" height=\"200\" srcset=\"https:\/\/bojornal.pt\/wp-content\/uploads\/2017\/04\/IMG_0083-300x200.jpg 300w, https:\/\/bojornal.pt\/wp-content\/uploads\/2017\/04\/IMG_0083-1024x683.jpg 1024w\" sizes=\"auto, (max-width: 300px) 100vw, 300px\" \/><\/a> <a href=\"http:\/\/bojornal.pt\/wp-content\/uploads\/2017\/04\/IMG_0071.jpg\"><img loading=\"lazy\" decoding=\"async\" class=\"alignnone size-medium wp-image-6243\" src=\"http:\/\/bojornal.pt\/wp-content\/uploads\/2017\/04\/IMG_0071-300x200.jpg\" alt=\"IMG_0071\" width=\"300\" height=\"200\" \/><\/a> <a href=\"http:\/\/bojornal.pt\/wp-content\/uploads\/2017\/04\/IMG_0072.jpg\"><img loading=\"lazy\" decoding=\"async\" class=\"alignnone size-medium wp-image-6244\" src=\"http:\/\/bojornal.pt\/wp-content\/uploads\/2017\/04\/IMG_0072-300x200.jpg\" alt=\"IMG_0072\" width=\"300\" height=\"200\" \/><\/a> <a href=\"http:\/\/bojornal.pt\/wp-content\/uploads\/2017\/04\/IMG_0073.jpg\"><img loading=\"lazy\" decoding=\"async\" class=\"alignnone size-medium wp-image-6245\" src=\"http:\/\/bojornal.pt\/wp-content\/uploads\/2017\/04\/IMG_0073-300x200.jpg\" alt=\"IMG_0073\" width=\"300\" height=\"200\" \/><\/a> <a href=\"http:\/\/bojornal.pt\/wp-content\/uploads\/2017\/04\/IMG_0074.jpg\"><img loading=\"lazy\" decoding=\"async\" class=\"alignnone size-medium wp-image-6246\" src=\"http:\/\/bojornal.pt\/wp-content\/uploads\/2017\/04\/IMG_0074-300x200.jpg\" alt=\"IMG_0074\" width=\"300\" height=\"200\" \/><\/a> <a href=\"http:\/\/bojornal.pt\/wp-content\/uploads\/2017\/04\/IMG_0104.jpg\"><img loading=\"lazy\" decoding=\"async\" class=\"alignnone size-medium wp-image-6247\" src=\"http:\/\/bojornal.pt\/wp-content\/uploads\/2017\/04\/IMG_0104-300x200.jpg\" alt=\"IMG_0104\" width=\"300\" height=\"200\" \/><\/a> <a href=\"http:\/\/bojornal.pt\/wp-content\/uploads\/2017\/04\/IMG_0065.jpg\"><img loading=\"lazy\" decoding=\"async\" class=\"alignnone size-medium wp-image-6248\" src=\"http:\/\/bojornal.pt\/wp-content\/uploads\/2017\/04\/IMG_0065-300x200.jpg\" alt=\"IMG_0065\" width=\"300\" height=\"200\" \/><\/a> <a href=\"http:\/\/bojornal.pt\/wp-content\/uploads\/2017\/04\/IMG_0103.jpg\"><img loading=\"lazy\" decoding=\"async\" class=\"alignnone size-medium wp-image-6249\" src=\"http:\/\/bojornal.pt\/wp-content\/uploads\/2017\/04\/IMG_0103-300x200.jpg\" alt=\"IMG_0103\" width=\"300\" height=\"200\" \/><\/a> <a href=\"http:\/\/bojornal.pt\/wp-content\/uploads\/2017\/04\/IMG_0101.jpg\"><img loading=\"lazy\" decoding=\"async\" class=\"alignnone size-medium wp-image-6250\" src=\"http:\/\/bojornal.pt\/wp-content\/uploads\/2017\/04\/IMG_0101-300x200.jpg\" alt=\"IMG_0101\" width=\"300\" height=\"200\" \/><\/a> <a href=\"http:\/\/bojornal.pt\/wp-content\/uploads\/2017\/04\/IMG_0108.jpg\"><img loading=\"lazy\" decoding=\"async\" class=\"alignnone size-medium wp-image-6251\" src=\"http:\/\/bojornal.pt\/wp-content\/uploads\/2017\/04\/IMG_0108-300x200.jpg\" alt=\"IMG_0108\" width=\"300\" height=\"200\" \/><\/a> <a href=\"http:\/\/bojornal.pt\/wp-content\/uploads\/2017\/04\/IMG_0112.jpg\"><img loading=\"lazy\" decoding=\"async\" class=\"alignnone size-medium wp-image-6252\" src=\"http:\/\/bojornal.pt\/wp-content\/uploads\/2017\/04\/IMG_0112-300x200.jpg\" alt=\"IMG_0112\" width=\"300\" height=\"200\" \/><\/a> <a href=\"http:\/\/bojornal.pt\/wp-content\/uploads\/2017\/04\/IMG_0114.jpg\"><img loading=\"lazy\" decoding=\"async\" class=\"alignnone size-medium wp-image-6253\" src=\"http:\/\/bojornal.pt\/wp-content\/uploads\/2017\/04\/IMG_0114-300x200.jpg\" alt=\"IMG_0114\" width=\"300\" height=\"200\" \/><\/a> <a href=\"http:\/\/bojornal.pt\/wp-content\/uploads\/2017\/04\/IMG_0119.jpg\"><img loading=\"lazy\" decoding=\"async\" class=\"alignnone size-medium wp-image-6254\" src=\"http:\/\/bojornal.pt\/wp-content\/uploads\/2017\/04\/IMG_0119-300x200.jpg\" alt=\"IMG_0119\" width=\"300\" height=\"200\" \/><\/a><\/p>\n<p>E que conversa, esta manh\u00e3, no sal\u00e3o nobre da ESEG! \u00c0 mesa deste col\u00f3quio dirigido a alunos do ensino secund\u00e1rio (10.\u00ba e 11.\u00ba anos) do curso de Humanidades estavam Eleut\u00e9rio Alves, deputado por Bragan\u00e7a \u00e0 Assembleia Constituinte de 1975\/1976, Prof. Te\u00f3filo Vaz, presidente do Conselho Geral do Agrupamento de Escolas Em\u00eddio Garcia e o vice-director do AEEG, Prof. Carlos Fernandes, num debate moderado pelo jornalista e locutor da R\u00e1dio Brigantia, Paulo Afonso, que transmitiu em directo esta sess\u00e3o sobre o per\u00edodo &#8220;quente&#8221; que levou ao texto final da Constitui\u00e7\u00e3o de 1976, que resultou da \u00abrevolu\u00e7\u00e3o dos cravos\u00bb no dia 25 de Abril de 1974 e que p\u00f4s fim a 48 anos de ditadura, instaurando um regime democr\u00e1tico em Portugal. Os dois oradores de servi\u00e7o falaram de forma entusiasmada deste per\u00edodo da hist\u00f3ria do pa\u00eds e o conhecimento de causa demonstrado durante as interven\u00e7\u00f5es entusiasmaram os alunos e restante audit\u00f3rio, que ficaram \u00abagarrados\u00bb \u00e0s hist\u00f3rias contadas \u00e0 volta da Constitui\u00e7\u00e3o de 1976 e colocaram algumas perguntas aos intervenientes no debate.<\/p>\n","protected":false},"excerpt":{"rendered":"<p>E que conversa, esta manh\u00e3, no sal\u00e3o nobre da ESEG! \u00c0 mesa deste col\u00f3quio dirigido a alunos do ensino secund\u00e1rio (10.\u00ba e 11.\u00ba anos) do curso de Humanidades estavam Eleut\u00e9rio Alves, deputado por Bragan\u00e7a&#46;&#46;&#46;<\/p>\n","protected":false},"author":2,"featured_media":6242,"comment_status":"closed","ping_status":"closed","sticky":false,"template":"","format":"gallery","meta":{"footnotes":""},"categories":[2,9,16],"tags":[],"class_list":["post-6239","post","type-post","status-publish","format-gallery","has-post-thumbnail","hentry","category-atualidade","category-em-foco","category-escola-secundaria-emidio-garcia","post_format-post-format-gallery"],"_links":{"self":[{"href":"https:\/\/bojornal.pt\/index.php?rest_route=\/wp\/v2\/posts\/6239","targetHints":{"allow":["GET"]}}],"collection":[{"href":"https:\/\/bojornal.pt\/index.php?rest_route=\/wp\/v2\/posts"}],"about":[{"href":"https:\/\/bojornal.pt\/index.php?rest_route=\/wp\/v2\/types\/post"}],"author":[{"embeddable":true,"href":"https:\/\/bojornal.pt\/index.php?rest_route=\/wp\/v2\/users\/2"}],"replies":[{"embeddable":true,"href":"https:\/\/bojornal.pt\/index.php?rest_route=%2Fwp%2Fv2%2Fcomments&post=6239"}],"version-history":[{"count":0,"href":"https:\/\/bojornal.pt\/index.php?rest_route=\/wp\/v2\/posts\/6239\/revisions"}],"wp:featuredmedia":[{"embeddable":true,"href":"https:\/\/bojornal.pt\/index.php?rest_route=\/wp\/v2\/media\/6242"}],"wp:attachment":[{"href":"https:\/\/bojornal.pt\/index.php?rest_route=%2Fwp%2Fv2%2Fmedia&parent=6239"}],"wp:term":[{"taxonomy":"category","embeddable":true,"href":"https:\/\/bojornal.pt\/index.php?rest_route=%2Fwp%2Fv2%2Fcategories&post=6239"},{"taxonomy":"post_tag","embeddable":true,"href":"https:\/\/bojornal.pt\/index.php?rest_route=%2Fwp%2Fv2%2Ftags&post=6239"}],"curies":[{"name":"wp","href":"https:\/\/api.w.org\/{rel}","templated":true}]}}