{"id":6235,"date":"2017-04-25T23:11:59","date_gmt":"2017-04-25T22:11:59","guid":{"rendered":"http:\/\/bojornal.pt\/?p=6235"},"modified":"2017-04-25T23:13:44","modified_gmt":"2017-04-25T22:13:44","slug":"abril-mes-da-prevencao-dos-maus-tratos-na-infancia","status":"publish","type":"post","link":"https:\/\/bojornal.pt\/?p=6235","title":{"rendered":"ABRIL &#8211; M\u00caS DA PREVEN\u00c7\u00c3O DOS MAUS TRATOS NA INF\u00c2NCIA"},"content":{"rendered":"<p><a href=\"http:\/\/bojornal.pt\/wp-content\/uploads\/2017\/04\/prevencao.jpg\"><img loading=\"lazy\" decoding=\"async\" class=\"  wp-image-6236 alignleft\" src=\"http:\/\/bojornal.pt\/wp-content\/uploads\/2017\/04\/prevencao.jpg\" alt=\"prevencao\" width=\"402\" height=\"270\" srcset=\"https:\/\/bojornal.pt\/wp-content\/uploads\/2017\/04\/prevencao.jpg 1024w, https:\/\/bojornal.pt\/wp-content\/uploads\/2017\/04\/prevencao-300x202.jpg 300w\" sizes=\"auto, (max-width: 402px) 100vw, 402px\" \/><\/a><\/p>\n<p><strong>Hist\u00f3ria do La\u00e7o Azul (Blue Ribbon)<\/strong><\/p>\n<p><em>\u201cEm 1989, no estado de Virginia, EUA, Bonnie Finney, atou uma fita azul \u00e0 antena do seu carro. Quando questionada sobre o significado desta a\u00e7\u00e3o, referiu que o azul simbolizava a cor dos hematomas no corpo dos seus dois netos, v\u00edtimas de maus tratos por parte da m\u00e3e e respetivo namorado e assim, a fita seria o seu lembrete permanente na sua luta para a prote\u00e7\u00e3o das crian\u00e7as vitimas de maus tratos. La\u00e7os azuis para alertar consci\u00eancias e lutar pela prote\u00e7\u00e3o das crian\u00e7as. A campanha do la\u00e7o azul, que come\u00e7ou como uma homenagem desta av\u00f3 ao neto falecido, espalhou-se e atualmente s\u00e3o muitas entidades e comunidades, que dedicam o m\u00eas de Abril com atividades destinadas a apoiar as fam\u00edlias e a fortalecer comunidades, no sentido de prevenir os maus tratos (f\u00edsicos, psicol\u00f3gicos) \u00e0 crian\u00e7a e jovem.\u201d<\/em><\/p>\n<p>No \u00e2mbito da comemora\u00e7\u00e3o do M\u00eas da Preven\u00e7\u00e3o dos Maus Tratos na Inf\u00e2ncia, o Centro Escolar da S\u00e9 associou-se \u00e0 iniciativa, colocando um la\u00e7o azul na fachada central da escola, com o objetivo de sensibilizar e alertar a comunidade em rela\u00e7\u00e3o a esta problem\u00e1tica.<\/p>\n","protected":false},"excerpt":{"rendered":"<p>Hist\u00f3ria do La\u00e7o Azul (Blue Ribbon) \u201cEm 1989, no estado de Virginia, EUA, Bonnie Finney, atou uma fita azul \u00e0 antena do seu carro. Quando questionada sobre o significado desta a\u00e7\u00e3o, referiu que o&#46;&#46;&#46;<\/p>\n","protected":false},"author":1,"featured_media":6236,"comment_status":"closed","ping_status":"closed","sticky":false,"template":"","format":"standard","meta":{"footnotes":""},"categories":[14,2],"tags":[],"class_list":["post-6235","post","type-post","status-publish","format-standard","has-post-thumbnail","hentry","category-1o-ciclo","category-atualidade"],"_links":{"self":[{"href":"https:\/\/bojornal.pt\/index.php?rest_route=\/wp\/v2\/posts\/6235","targetHints":{"allow":["GET"]}}],"collection":[{"href":"https:\/\/bojornal.pt\/index.php?rest_route=\/wp\/v2\/posts"}],"about":[{"href":"https:\/\/bojornal.pt\/index.php?rest_route=\/wp\/v2\/types\/post"}],"author":[{"embeddable":true,"href":"https:\/\/bojornal.pt\/index.php?rest_route=\/wp\/v2\/users\/1"}],"replies":[{"embeddable":true,"href":"https:\/\/bojornal.pt\/index.php?rest_route=%2Fwp%2Fv2%2Fcomments&post=6235"}],"version-history":[{"count":0,"href":"https:\/\/bojornal.pt\/index.php?rest_route=\/wp\/v2\/posts\/6235\/revisions"}],"wp:featuredmedia":[{"embeddable":true,"href":"https:\/\/bojornal.pt\/index.php?rest_route=\/wp\/v2\/media\/6236"}],"wp:attachment":[{"href":"https:\/\/bojornal.pt\/index.php?rest_route=%2Fwp%2Fv2%2Fmedia&parent=6235"}],"wp:term":[{"taxonomy":"category","embeddable":true,"href":"https:\/\/bojornal.pt\/index.php?rest_route=%2Fwp%2Fv2%2Fcategories&post=6235"},{"taxonomy":"post_tag","embeddable":true,"href":"https:\/\/bojornal.pt\/index.php?rest_route=%2Fwp%2Fv2%2Ftags&post=6235"}],"curies":[{"name":"wp","href":"https:\/\/api.w.org\/{rel}","templated":true}]}}