{"id":6158,"date":"2017-04-10T15:55:51","date_gmt":"2017-04-10T14:55:51","guid":{"rendered":"http:\/\/bojornal.pt\/?p=6158"},"modified":"2017-04-10T15:55:51","modified_gmt":"2017-04-10T14:55:51","slug":"pascoa-jovem-bencao-de-finalistas-2017","status":"publish","type":"post","link":"https:\/\/bojornal.pt\/?p=6158","title":{"rendered":"P\u00e1scoa Jovem \/ B\u00ean\u00e7\u00e3o de Finalistas 2017"},"content":{"rendered":"<p><a href=\"http:\/\/bojornal.pt\/wp-content\/uploads\/2017\/04\/P\u00e1scoaJovem17-1.jpg\"><img loading=\"lazy\" decoding=\"async\" class=\"alignnone size-medium wp-image-6160\" src=\"http:\/\/bojornal.pt\/wp-content\/uploads\/2017\/04\/P\u00e1scoaJovem17-1-300x200.jpg\" alt=\"P\u00e1scoaJovem17 (1)\" width=\"300\" height=\"200\" srcset=\"https:\/\/bojornal.pt\/wp-content\/uploads\/2017\/04\/P\u00e1scoaJovem17-1-300x200.jpg 300w, https:\/\/bojornal.pt\/wp-content\/uploads\/2017\/04\/P\u00e1scoaJovem17-1.jpg 960w\" sizes=\"auto, (max-width: 300px) 100vw, 300px\" \/><\/a> <a href=\"http:\/\/bojornal.pt\/wp-content\/uploads\/2017\/04\/P\u00e1scoaJovem17-2.jpg\"><img loading=\"lazy\" decoding=\"async\" class=\"alignnone size-medium wp-image-6161\" src=\"http:\/\/bojornal.pt\/wp-content\/uploads\/2017\/04\/P\u00e1scoaJovem17-2-300x200.jpg\" alt=\"P\u00e1scoaJovem17 (2)\" width=\"300\" height=\"200\" srcset=\"https:\/\/bojornal.pt\/wp-content\/uploads\/2017\/04\/P\u00e1scoaJovem17-2-300x200.jpg 300w, https:\/\/bojornal.pt\/wp-content\/uploads\/2017\/04\/P\u00e1scoaJovem17-2.jpg 960w\" sizes=\"auto, (max-width: 300px) 100vw, 300px\" \/><\/a> <a href=\"http:\/\/bojornal.pt\/wp-content\/uploads\/2017\/04\/P\u00e1scoaJovem17-7.jpg\"><img loading=\"lazy\" decoding=\"async\" class=\"alignnone size-medium wp-image-6166\" src=\"http:\/\/bojornal.pt\/wp-content\/uploads\/2017\/04\/P\u00e1scoaJovem17-7-300x200.jpg\" alt=\"P\u00e1scoaJovem17 (7)\" width=\"300\" height=\"200\" srcset=\"https:\/\/bojornal.pt\/wp-content\/uploads\/2017\/04\/P\u00e1scoaJovem17-7-300x200.jpg 300w, https:\/\/bojornal.pt\/wp-content\/uploads\/2017\/04\/P\u00e1scoaJovem17-7.jpg 960w\" sizes=\"auto, (max-width: 300px) 100vw, 300px\" \/><\/a> <a href=\"http:\/\/bojornal.pt\/wp-content\/uploads\/2017\/04\/P\u00e1scoaJovem17-6.jpg\"><img loading=\"lazy\" decoding=\"async\" class=\"alignnone size-medium wp-image-6165\" src=\"http:\/\/bojornal.pt\/wp-content\/uploads\/2017\/04\/P\u00e1scoaJovem17-6-300x200.jpg\" alt=\"P\u00e1scoaJovem17 (6)\" width=\"300\" height=\"200\" srcset=\"https:\/\/bojornal.pt\/wp-content\/uploads\/2017\/04\/P\u00e1scoaJovem17-6-300x200.jpg 300w, https:\/\/bojornal.pt\/wp-content\/uploads\/2017\/04\/P\u00e1scoaJovem17-6.jpg 960w\" sizes=\"auto, (max-width: 300px) 100vw, 300px\" \/><\/a> <a href=\"http:\/\/bojornal.pt\/wp-content\/uploads\/2017\/04\/P\u00e1scoaJovem17-5.jpg\"><img loading=\"lazy\" decoding=\"async\" class=\"alignnone size-medium wp-image-6164\" src=\"http:\/\/bojornal.pt\/wp-content\/uploads\/2017\/04\/P\u00e1scoaJovem17-5-300x200.jpg\" alt=\"P\u00e1scoaJovem17 (5)\" width=\"300\" height=\"200\" srcset=\"https:\/\/bojornal.pt\/wp-content\/uploads\/2017\/04\/P\u00e1scoaJovem17-5-300x200.jpg 300w, https:\/\/bojornal.pt\/wp-content\/uploads\/2017\/04\/P\u00e1scoaJovem17-5.jpg 960w\" sizes=\"auto, (max-width: 300px) 100vw, 300px\" \/><\/a> <a href=\"http:\/\/bojornal.pt\/wp-content\/uploads\/2017\/04\/P\u00e1scoaJovem17-4.jpg\"><img loading=\"lazy\" decoding=\"async\" class=\"alignnone size-medium wp-image-6163\" src=\"http:\/\/bojornal.pt\/wp-content\/uploads\/2017\/04\/P\u00e1scoaJovem17-4-300x200.jpg\" alt=\"P\u00e1scoaJovem17 (4)\" width=\"300\" height=\"200\" srcset=\"https:\/\/bojornal.pt\/wp-content\/uploads\/2017\/04\/P\u00e1scoaJovem17-4-300x200.jpg 300w, https:\/\/bojornal.pt\/wp-content\/uploads\/2017\/04\/P\u00e1scoaJovem17-4.jpg 960w\" sizes=\"auto, (max-width: 300px) 100vw, 300px\" \/><\/a> <a href=\"http:\/\/bojornal.pt\/wp-content\/uploads\/2017\/04\/P\u00e1scoaJovem17-3.jpg\"><img loading=\"lazy\" decoding=\"async\" class=\"alignnone size-medium wp-image-6162\" src=\"http:\/\/bojornal.pt\/wp-content\/uploads\/2017\/04\/P\u00e1scoaJovem17-3-300x200.jpg\" alt=\"P\u00e1scoaJovem17 (3)\" width=\"300\" height=\"200\" srcset=\"https:\/\/bojornal.pt\/wp-content\/uploads\/2017\/04\/P\u00e1scoaJovem17-3-300x200.jpg 300w, https:\/\/bojornal.pt\/wp-content\/uploads\/2017\/04\/P\u00e1scoaJovem17-3.jpg 960w\" sizes=\"auto, (max-width: 300px) 100vw, 300px\" \/><\/a> <a href=\"http:\/\/bojornal.pt\/wp-content\/uploads\/2017\/04\/P\u00e1scoaJovem2017-5.jpg\"><img loading=\"lazy\" decoding=\"async\" class=\"alignnone size-medium wp-image-6171\" src=\"http:\/\/bojornal.pt\/wp-content\/uploads\/2017\/04\/P\u00e1scoaJovem2017-5-300x200.jpg\" alt=\"P\u00e1scoaJovem2017 (5)\" width=\"300\" height=\"200\" srcset=\"https:\/\/bojornal.pt\/wp-content\/uploads\/2017\/04\/P\u00e1scoaJovem2017-5-300x200.jpg 300w, https:\/\/bojornal.pt\/wp-content\/uploads\/2017\/04\/P\u00e1scoaJovem2017-5.jpg 960w\" sizes=\"auto, (max-width: 300px) 100vw, 300px\" \/><\/a> <a href=\"http:\/\/bojornal.pt\/wp-content\/uploads\/2017\/04\/P\u00e1scoaJovem2017-4.jpg\"><img loading=\"lazy\" decoding=\"async\" class=\"alignnone size-medium wp-image-6170\" src=\"http:\/\/bojornal.pt\/wp-content\/uploads\/2017\/04\/P\u00e1scoaJovem2017-4-300x200.jpg\" alt=\"P\u00e1scoaJovem2017 (4)\" width=\"300\" height=\"200\" srcset=\"https:\/\/bojornal.pt\/wp-content\/uploads\/2017\/04\/P\u00e1scoaJovem2017-4-300x200.jpg 300w, https:\/\/bojornal.pt\/wp-content\/uploads\/2017\/04\/P\u00e1scoaJovem2017-4.jpg 960w\" sizes=\"auto, (max-width: 300px) 100vw, 300px\" \/><\/a> <a href=\"http:\/\/bojornal.pt\/wp-content\/uploads\/2017\/04\/P\u00e1scoaJovem2017-3.jpg\"><img loading=\"lazy\" decoding=\"async\" class=\"alignnone size-medium wp-image-6169\" src=\"http:\/\/bojornal.pt\/wp-content\/uploads\/2017\/04\/P\u00e1scoaJovem2017-3-300x200.jpg\" alt=\"P\u00e1scoaJovem2017 (3)\" width=\"300\" height=\"200\" srcset=\"https:\/\/bojornal.pt\/wp-content\/uploads\/2017\/04\/P\u00e1scoaJovem2017-3-300x200.jpg 300w, https:\/\/bojornal.pt\/wp-content\/uploads\/2017\/04\/P\u00e1scoaJovem2017-3.jpg 960w\" sizes=\"auto, (max-width: 300px) 100vw, 300px\" \/><\/a> <a href=\"http:\/\/bojornal.pt\/wp-content\/uploads\/2017\/04\/P\u00e1scoaJovem2017-2.jpg\"><img loading=\"lazy\" decoding=\"async\" class=\"alignnone size-medium wp-image-6168\" src=\"http:\/\/bojornal.pt\/wp-content\/uploads\/2017\/04\/P\u00e1scoaJovem2017-2-300x200.jpg\" alt=\"P\u00e1scoaJovem2017 (2)\" width=\"300\" height=\"200\" srcset=\"https:\/\/bojornal.pt\/wp-content\/uploads\/2017\/04\/P\u00e1scoaJovem2017-2-300x200.jpg 300w, https:\/\/bojornal.pt\/wp-content\/uploads\/2017\/04\/P\u00e1scoaJovem2017-2.jpg 960w\" sizes=\"auto, (max-width: 300px) 100vw, 300px\" \/><\/a> <a href=\"http:\/\/bojornal.pt\/wp-content\/uploads\/2017\/04\/P\u00e1scoaJovem2017-1.jpg\"><img loading=\"lazy\" decoding=\"async\" class=\"alignnone size-medium wp-image-6167\" src=\"http:\/\/bojornal.pt\/wp-content\/uploads\/2017\/04\/P\u00e1scoaJovem2017-1-300x200.jpg\" alt=\"P\u00e1scoaJovem2017 (1)\" width=\"300\" height=\"200\" srcset=\"https:\/\/bojornal.pt\/wp-content\/uploads\/2017\/04\/P\u00e1scoaJovem2017-1-300x200.jpg 300w, https:\/\/bojornal.pt\/wp-content\/uploads\/2017\/04\/P\u00e1scoaJovem2017-1.jpg 960w\" sizes=\"auto, (max-width: 300px) 100vw, 300px\" \/><\/a> <a href=\"http:\/\/bojornal.pt\/wp-content\/uploads\/2017\/04\/P\u00e1scoaJovem2017-10.jpg\"><img loading=\"lazy\" decoding=\"async\" class=\"alignnone size-medium wp-image-6176\" src=\"http:\/\/bojornal.pt\/wp-content\/uploads\/2017\/04\/P\u00e1scoaJovem2017-10-300x200.jpg\" alt=\"P\u00e1scoaJovem2017 (10)\" width=\"300\" height=\"200\" srcset=\"https:\/\/bojornal.pt\/wp-content\/uploads\/2017\/04\/P\u00e1scoaJovem2017-10-300x200.jpg 300w, https:\/\/bojornal.pt\/wp-content\/uploads\/2017\/04\/P\u00e1scoaJovem2017-10.jpg 960w\" sizes=\"auto, (max-width: 300px) 100vw, 300px\" \/><\/a> <a href=\"http:\/\/bojornal.pt\/wp-content\/uploads\/2017\/04\/P\u00e1scoaJovem2017-9.jpg\"><img loading=\"lazy\" decoding=\"async\" class=\"alignnone size-medium wp-image-6175\" src=\"http:\/\/bojornal.pt\/wp-content\/uploads\/2017\/04\/P\u00e1scoaJovem2017-9-300x200.jpg\" alt=\"P\u00e1scoaJovem2017 (9)\" width=\"300\" height=\"200\" srcset=\"https:\/\/bojornal.pt\/wp-content\/uploads\/2017\/04\/P\u00e1scoaJovem2017-9-300x200.jpg 300w, https:\/\/bojornal.pt\/wp-content\/uploads\/2017\/04\/P\u00e1scoaJovem2017-9.jpg 960w\" sizes=\"auto, (max-width: 300px) 100vw, 300px\" \/><\/a> <a href=\"http:\/\/bojornal.pt\/wp-content\/uploads\/2017\/04\/P\u00e1scoaJovem2017-8.jpg\"><img loading=\"lazy\" decoding=\"async\" class=\"alignnone size-medium wp-image-6174\" src=\"http:\/\/bojornal.pt\/wp-content\/uploads\/2017\/04\/P\u00e1scoaJovem2017-8-300x200.jpg\" alt=\"P\u00e1scoaJovem2017 (8)\" width=\"300\" height=\"200\" srcset=\"https:\/\/bojornal.pt\/wp-content\/uploads\/2017\/04\/P\u00e1scoaJovem2017-8-300x200.jpg 300w, https:\/\/bojornal.pt\/wp-content\/uploads\/2017\/04\/P\u00e1scoaJovem2017-8.jpg 960w\" sizes=\"auto, (max-width: 300px) 100vw, 300px\" \/><\/a> <a href=\"http:\/\/bojornal.pt\/wp-content\/uploads\/2017\/04\/P\u00e1scoaJovem2017-7.jpg\"><img loading=\"lazy\" decoding=\"async\" class=\"alignnone size-medium wp-image-6173\" src=\"http:\/\/bojornal.pt\/wp-content\/uploads\/2017\/04\/P\u00e1scoaJovem2017-7-300x200.jpg\" alt=\"P\u00e1scoaJovem2017 (7)\" width=\"300\" height=\"200\" srcset=\"https:\/\/bojornal.pt\/wp-content\/uploads\/2017\/04\/P\u00e1scoaJovem2017-7-300x200.jpg 300w, https:\/\/bojornal.pt\/wp-content\/uploads\/2017\/04\/P\u00e1scoaJovem2017-7.jpg 960w\" sizes=\"auto, (max-width: 300px) 100vw, 300px\" \/><\/a> <a href=\"http:\/\/bojornal.pt\/wp-content\/uploads\/2017\/04\/P\u00e1scoaJovem2017-6.jpg\"><img loading=\"lazy\" decoding=\"async\" class=\"alignnone size-medium wp-image-6172\" src=\"http:\/\/bojornal.pt\/wp-content\/uploads\/2017\/04\/P\u00e1scoaJovem2017-6-300x200.jpg\" alt=\"P\u00e1scoaJovem2017 (6)\" width=\"300\" height=\"200\" srcset=\"https:\/\/bojornal.pt\/wp-content\/uploads\/2017\/04\/P\u00e1scoaJovem2017-6-300x200.jpg 300w, https:\/\/bojornal.pt\/wp-content\/uploads\/2017\/04\/P\u00e1scoaJovem2017-6.jpg 960w\" sizes=\"auto, (max-width: 300px) 100vw, 300px\" \/><\/a> <a href=\"http:\/\/bojornal.pt\/wp-content\/uploads\/2017\/04\/P\u00e1scoaJovem2017-16.jpg\"><img loading=\"lazy\" decoding=\"async\" class=\"alignnone size-medium wp-image-6181\" src=\"http:\/\/bojornal.pt\/wp-content\/uploads\/2017\/04\/P\u00e1scoaJovem2017-16-300x200.jpg\" alt=\"P\u00e1scoaJovem2017 (16)\" width=\"300\" height=\"200\" srcset=\"https:\/\/bojornal.pt\/wp-content\/uploads\/2017\/04\/P\u00e1scoaJovem2017-16-300x200.jpg 300w, https:\/\/bojornal.pt\/wp-content\/uploads\/2017\/04\/P\u00e1scoaJovem2017-16.jpg 960w\" sizes=\"auto, (max-width: 300px) 100vw, 300px\" \/><\/a> <a href=\"http:\/\/bojornal.pt\/wp-content\/uploads\/2017\/04\/P\u00e1scoaJovem2017-15.jpg\"><img loading=\"lazy\" decoding=\"async\" class=\"alignnone size-medium wp-image-6180\" src=\"http:\/\/bojornal.pt\/wp-content\/uploads\/2017\/04\/P\u00e1scoaJovem2017-15-300x200.jpg\" alt=\"P\u00e1scoaJovem2017 (15)\" width=\"300\" height=\"200\" srcset=\"https:\/\/bojornal.pt\/wp-content\/uploads\/2017\/04\/P\u00e1scoaJovem2017-15-300x200.jpg 300w, https:\/\/bojornal.pt\/wp-content\/uploads\/2017\/04\/P\u00e1scoaJovem2017-15.jpg 960w\" sizes=\"auto, (max-width: 300px) 100vw, 300px\" \/><\/a> <a href=\"http:\/\/bojornal.pt\/wp-content\/uploads\/2017\/04\/P\u00e1scoaJovem2017-13.jpg\"><img loading=\"lazy\" decoding=\"async\" class=\"alignnone size-medium wp-image-6179\" src=\"http:\/\/bojornal.pt\/wp-content\/uploads\/2017\/04\/P\u00e1scoaJovem2017-13-300x200.jpg\" alt=\"P\u00e1scoaJovem2017 (13)\" width=\"300\" height=\"200\" srcset=\"https:\/\/bojornal.pt\/wp-content\/uploads\/2017\/04\/P\u00e1scoaJovem2017-13-300x200.jpg 300w, https:\/\/bojornal.pt\/wp-content\/uploads\/2017\/04\/P\u00e1scoaJovem2017-13.jpg 960w\" sizes=\"auto, (max-width: 300px) 100vw, 300px\" \/><\/a> <a href=\"http:\/\/bojornal.pt\/wp-content\/uploads\/2017\/04\/P\u00e1scoaJovem2017-12.jpg\"><img loading=\"lazy\" decoding=\"async\" class=\"alignnone size-medium wp-image-6178\" src=\"http:\/\/bojornal.pt\/wp-content\/uploads\/2017\/04\/P\u00e1scoaJovem2017-12-300x200.jpg\" alt=\"P\u00e1scoaJovem2017 (12)\" width=\"300\" height=\"200\" srcset=\"https:\/\/bojornal.pt\/wp-content\/uploads\/2017\/04\/P\u00e1scoaJovem2017-12-300x200.jpg 300w, https:\/\/bojornal.pt\/wp-content\/uploads\/2017\/04\/P\u00e1scoaJovem2017-12.jpg 960w\" sizes=\"auto, (max-width: 300px) 100vw, 300px\" \/><\/a> <a href=\"http:\/\/bojornal.pt\/wp-content\/uploads\/2017\/04\/P\u00e1scoaJovem2017-11.jpg\"><img loading=\"lazy\" decoding=\"async\" class=\"alignnone size-medium wp-image-6177\" src=\"http:\/\/bojornal.pt\/wp-content\/uploads\/2017\/04\/P\u00e1scoaJovem2017-11-300x200.jpg\" alt=\"P\u00e1scoaJovem2017 (11)\" width=\"300\" height=\"200\" srcset=\"https:\/\/bojornal.pt\/wp-content\/uploads\/2017\/04\/P\u00e1scoaJovem2017-11-300x200.jpg 300w, https:\/\/bojornal.pt\/wp-content\/uploads\/2017\/04\/P\u00e1scoaJovem2017-11.jpg 960w\" sizes=\"auto, (max-width: 300px) 100vw, 300px\" \/><\/a><\/p>\n<p>Decorreu no passado dia 30 de Mar\u00e7o, pelas 10h45, no Sal\u00e3o Nobre da Escola Secund\u00e1ria Em\u00eddio Garcia a actividade &#8220;P\u00e1scoa Jovem \/ B\u00ean\u00e7\u00e3o de finalistas&#8221;, numa cerim\u00f3nia presidida por sua Excel\u00eancia Reverend\u00edssima, Dom Jos\u00e9 Cordeiro, Bispo da diocese de Bragan\u00e7a-Miranda. A concelebrar estiveram os padres Sobrinho Alves (antigo docente e membro da direc\u00e7\u00e3o da ESEG) e Delfim Gomes, actual Director do Secretariado Diocesano de Educa\u00e7\u00e3o Crist\u00e3 e antigo aluno e ex presidente da associa\u00e7\u00e3o de estudantes do liceu de Bragan\u00e7a. A cerim\u00f3nia come\u00e7ou com a leitura de uma mensagem do director-adjunto, professor Carlos Fernandes e teve como pontos altos\u00a0a b\u00ean\u00e7\u00e3o de Dom Jos\u00e9 aos finalistas do 12.\u00ba ano, que terminam no presente ano lectivo o seu percurso escolar no ensino secund\u00e1rio e a actua\u00e7\u00e3o do coro estudantil, dirigido pelo professor de EMRC, Alberto Pais que, para al\u00e9m das vozes (de grande qualidade), contou com v\u00e1rios instrumentistas de enorme capacidade t\u00e9cnica, \u00e0 altura da solenidade da cerim\u00f3nia. A decora\u00e7\u00e3o do altar esteve a cargo do professor do curso de Artes Visuais, Manuel Trovisco, que desenhou um painel alusivo \u00e0 leitura do evangelho de S\u00e3o Jo\u00e3o (Jo 2, 1-11) e no final foi mostrada e lida \u00e0 assembleia a b\u00ean\u00e7\u00e3o apost\u00f3lica do Papa Francisco \u00e0 Escola Secund\u00e1ria Em\u00eddio Garcia, por altura da\u00a0viagem de estudo, pelo segundo ano consecutivo, a Roma e ao Vaticano, no \u00e2mbito da disciplina de EMRC.<\/p>\n<p>No final, Dom Jos\u00e9 Cordeiro entregou pessoalmente a cada um dos 85 finalistas da ESEG o respectivo diploma, num gesto que por certo recordar\u00e3o para sempre.<\/p>\n","protected":false},"excerpt":{"rendered":"<p>Decorreu no passado dia 30 de Mar\u00e7o, pelas 10h45, no Sal\u00e3o Nobre da Escola Secund\u00e1ria Em\u00eddio Garcia a actividade &#8220;P\u00e1scoa Jovem \/ B\u00ean\u00e7\u00e3o de finalistas&#8221;, numa cerim\u00f3nia presidida por sua Excel\u00eancia Reverend\u00edssima, Dom Jos\u00e9&#46;&#46;&#46;<\/p>\n","protected":false},"author":2,"featured_media":6159,"comment_status":"closed","ping_status":"closed","sticky":false,"template":"","format":"gallery","meta":{"footnotes":""},"categories":[2,9,16],"tags":[],"class_list":["post-6158","post","type-post","status-publish","format-gallery","has-post-thumbnail","hentry","category-atualidade","category-em-foco","category-escola-secundaria-emidio-garcia","post_format-post-format-gallery"],"_links":{"self":[{"href":"https:\/\/bojornal.pt\/index.php?rest_route=\/wp\/v2\/posts\/6158","targetHints":{"allow":["GET"]}}],"collection":[{"href":"https:\/\/bojornal.pt\/index.php?rest_route=\/wp\/v2\/posts"}],"about":[{"href":"https:\/\/bojornal.pt\/index.php?rest_route=\/wp\/v2\/types\/post"}],"author":[{"embeddable":true,"href":"https:\/\/bojornal.pt\/index.php?rest_route=\/wp\/v2\/users\/2"}],"replies":[{"embeddable":true,"href":"https:\/\/bojornal.pt\/index.php?rest_route=%2Fwp%2Fv2%2Fcomments&post=6158"}],"version-history":[{"count":0,"href":"https:\/\/bojornal.pt\/index.php?rest_route=\/wp\/v2\/posts\/6158\/revisions"}],"wp:featuredmedia":[{"embeddable":true,"href":"https:\/\/bojornal.pt\/index.php?rest_route=\/wp\/v2\/media\/6159"}],"wp:attachment":[{"href":"https:\/\/bojornal.pt\/index.php?rest_route=%2Fwp%2Fv2%2Fmedia&parent=6158"}],"wp:term":[{"taxonomy":"category","embeddable":true,"href":"https:\/\/bojornal.pt\/index.php?rest_route=%2Fwp%2Fv2%2Fcategories&post=6158"},{"taxonomy":"post_tag","embeddable":true,"href":"https:\/\/bojornal.pt\/index.php?rest_route=%2Fwp%2Fv2%2Ftags&post=6158"}],"curies":[{"name":"wp","href":"https:\/\/api.w.org\/{rel}","templated":true}]}}