{"id":6097,"date":"2017-03-27T16:43:53","date_gmt":"2017-03-27T15:43:53","guid":{"rendered":"http:\/\/bojornal.pt\/?p=6097"},"modified":"2022-01-29T21:20:07","modified_gmt":"2022-01-29T21:20:07","slug":"dia-do-pai-2017-centro-escolar-da-se","status":"publish","type":"post","link":"https:\/\/bojornal.pt\/?p=6097","title":{"rendered":"Dia do Pai 2017 \u2013 Centro Escolar da S\u00c9"},"content":{"rendered":"<p>A instaura\u00e7\u00e3o do <a href=\"https:\/\/photos.google.com\/u\/1\/share\/AF1QipPkHZ5wQAtXuKLq-7fEzc-JYL2TkTHchB7AjdUnxr2xWgzivW-kLQ05E5g-P_g6fA?key=RWs3QXRKMGU0cVZhZ01Bc3BqQ3NlX2llTHk0d1dR\" data-saferedirecturl=\"https:\/\/www.google.com\/url?hl=pt-PT&amp;q=https:\/\/photos.google.com\/u\/1\/share\/AF1QipPkHZ5wQAtXuKLq-7fEzc-JYL2TkTHchB7AjdUnxr2xWgzivW-kLQ05E5g-P_g6fA?key%3DRWs3QXRKMGU0cVZhZ01Bc3BqQ3NlX2llTHk0d1dR&amp;source=gmail&amp;ust=1490715598271000&amp;usg=AFQjCNEFqTzW_SdjFZKJlnHBbQ5pg-JyqA\">Dia do Pai<\/a> teve origem nos Estados Unidos da Am\u00e9rica, em 1909. Sonora Luise, filha de um militar resolveu criar o Dia dos Pais motivada pela admira\u00e7\u00e3o que sentia pelo seu pai, William Jackson Smart. A festa foi ficando conhecida em todo o pa\u00eds e em 1972, o presidente americano Richard Nixon oficializou o Dia dos Pais.<br \/>\nNa Babil\u00f3nia, em 2000 A.C. um jovem rapaz de nome Elmesu escreveu numa placa de argila uma mensagem para o seu pai, desejando sa\u00fade, felicidade e muitos anos de vida ao seu pai.<br \/>\nA celebra\u00e7\u00e3o da data varia de pa\u00eds para pa\u00eds. Al\u00e9m de Portugal, tamb\u00e9m celebram o Dia do Pai no dia 19 de mar\u00e7o pa\u00edses como a Espanha, a It\u00e1lia, Andorra, Bol\u00edvia, Honduras e Liechstenstein.<\/p>\n<p>Para comemorar o dia do pai, o Centro Escolar da S\u00e9 disponibiliza um painel, para um &#8220;Momento Fotogr\u00e1fico&#8221; com o seu filho, no dia 17 e 20 de mar\u00e7o.<\/p>\n<p>N\u00e3o desperdice esta oportunidade, porque o tempo passa e n\u00e3o espera por ningu\u00e9m. A fotografia fica para reviver instantes, momentos e olhares que passaram na nossa vida e s\u00e3o a mem\u00f3ria visual do passado, projetada no presente e no futuro.<\/p>\n<div class=\"video-container\"><iframe loading=\"lazy\" title=\"DIA DO PAI 2017VF\" width=\"500\" height=\"375\" src=\"https:\/\/www.youtube.com\/embed\/KlUtAfX8oBE?feature=oembed&#038;wmode=opaque\" frameborder=\"0\" allow=\"accelerometer; autoplay; clipboard-write; encrypted-media; gyroscope; picture-in-picture; web-share\" referrerpolicy=\"strict-origin-when-cross-origin\" allowfullscreen><\/iframe><\/div>\n<p>&nbsp;<\/p>\n<p>&nbsp;<\/p>\n","protected":false},"excerpt":{"rendered":"<p>A instaura\u00e7\u00e3o do Dia do Pai teve origem nos Estados Unidos da Am\u00e9rica, em 1909. Sonora Luise, filha de um militar resolveu criar o Dia dos Pais motivada pela admira\u00e7\u00e3o que sentia pelo seu&#46;&#46;&#46;<\/p>\n","protected":false},"author":1,"featured_media":6099,"comment_status":"closed","ping_status":"closed","sticky":false,"template":"","format":"standard","meta":{"footnotes":""},"categories":[14,2],"tags":[],"class_list":["post-6097","post","type-post","status-publish","format-standard","has-post-thumbnail","hentry","category-1o-ciclo","category-atualidade"],"_links":{"self":[{"href":"https:\/\/bojornal.pt\/index.php?rest_route=\/wp\/v2\/posts\/6097","targetHints":{"allow":["GET"]}}],"collection":[{"href":"https:\/\/bojornal.pt\/index.php?rest_route=\/wp\/v2\/posts"}],"about":[{"href":"https:\/\/bojornal.pt\/index.php?rest_route=\/wp\/v2\/types\/post"}],"author":[{"embeddable":true,"href":"https:\/\/bojornal.pt\/index.php?rest_route=\/wp\/v2\/users\/1"}],"replies":[{"embeddable":true,"href":"https:\/\/bojornal.pt\/index.php?rest_route=%2Fwp%2Fv2%2Fcomments&post=6097"}],"version-history":[{"count":0,"href":"https:\/\/bojornal.pt\/index.php?rest_route=\/wp\/v2\/posts\/6097\/revisions"}],"wp:featuredmedia":[{"embeddable":true,"href":"https:\/\/bojornal.pt\/index.php?rest_route=\/wp\/v2\/media\/6099"}],"wp:attachment":[{"href":"https:\/\/bojornal.pt\/index.php?rest_route=%2Fwp%2Fv2%2Fmedia&parent=6097"}],"wp:term":[{"taxonomy":"category","embeddable":true,"href":"https:\/\/bojornal.pt\/index.php?rest_route=%2Fwp%2Fv2%2Fcategories&post=6097"},{"taxonomy":"post_tag","embeddable":true,"href":"https:\/\/bojornal.pt\/index.php?rest_route=%2Fwp%2Fv2%2Ftags&post=6097"}],"curies":[{"name":"wp","href":"https:\/\/api.w.org\/{rel}","templated":true}]}}