{"id":15920,"date":"2026-09-02T11:15:10","date_gmt":"2026-09-02T10:15:10","guid":{"rendered":"https:\/\/bojornal.pt\/?p=15920"},"modified":"2026-09-02T11:46:28","modified_gmt":"2026-09-02T10:46:28","slug":"agenda-de-inicio-do-ano-letivo-2026-2027","status":"publish","type":"post","link":"https:\/\/bojornal.pt\/?p=15920","title":{"rendered":"Agenda de In\u00edcio do Ano Letivo 2026\/2027"},"content":{"rendered":"\n<figure class=\"wp-block-image size-large\"><img loading=\"lazy\" decoding=\"async\" width=\"724\" height=\"1024\" src=\"https:\/\/bojornal.pt\/wp-content\/uploads\/2026\/09\/Agenda-Inicio-da-Ano-letivo_JPEG-1-724x1024.jpg\" alt=\"\" class=\"wp-image-15924\" srcset=\"https:\/\/bojornal.pt\/wp-content\/uploads\/2026\/09\/Agenda-Inicio-da-Ano-letivo_JPEG-1-724x1024.jpg 724w, https:\/\/bojornal.pt\/wp-content\/uploads\/2026\/09\/Agenda-Inicio-da-Ano-letivo_JPEG-1-106x150.jpg 106w, https:\/\/bojornal.pt\/wp-content\/uploads\/2026\/09\/Agenda-Inicio-da-Ano-letivo_JPEG-1-212x300.jpg 212w, https:\/\/bojornal.pt\/wp-content\/uploads\/2026\/09\/Agenda-Inicio-da-Ano-letivo_JPEG-1-767x1085.jpg 767w, https:\/\/bojornal.pt\/wp-content\/uploads\/2026\/09\/Agenda-Inicio-da-Ano-letivo_JPEG-1-1086x1536.jpg 1086w, https:\/\/bojornal.pt\/wp-content\/uploads\/2026\/09\/Agenda-Inicio-da-Ano-letivo_JPEG-1-1448x2048.jpg 1448w, https:\/\/bojornal.pt\/wp-content\/uploads\/2026\/09\/Agenda-Inicio-da-Ano-letivo_JPEG-1-scaled.jpg 1811w\" sizes=\"auto, (max-width: 724px) 100vw, 724px\" \/><\/figure>\n\n\n\n<p class=\"wp-block-paragraph\">O Agrupamento de Escolas Em\u00eddio Garcia j\u00e1 tem calendarizadas as atividades de in\u00edcio do ano letivo 2026\/2027. Com o objetivo de garantir uma integra\u00e7\u00e3o tranquila e acolhedora de toda a comunidade escolar, foram programadas sess\u00f5es de rece\u00e7\u00e3o dedicadas aos novos ciclos, assim como os momentos de arranque de todas as atividades letivas.<\/p>\n\n\n\n<p class=\"wp-block-paragraph\">Consulte em detalhe a agenda de arranque do novo ano escolar:<\/p>\n\n\n\n<h3 class=\"wp-block-heading\"><strong>Sexta-feira | 11 de Setembro<\/strong><\/h3>\n\n\n\n<p class=\"wp-block-paragraph\"><strong>Afixa\u00e7\u00e3o de Hor\u00e1rios e Rece\u00e7\u00e3o aos Alunos do 5.\u00ba e 7.\u00ba Ano<\/strong><\/p>\n\n\n\n<ul class=\"wp-block-list\">\n<li><strong>5.\u00ba Ano<\/strong><em>(Sala de Conv\u00edvio \u2013 Escola Paulo Quintela)<\/em>\n<ul class=\"wp-block-list\">\n<li><strong>9h00:<\/strong> Turmas A, B, C e D<\/li>\n\n\n\n<li><strong>10h30:<\/strong> Turmas E, F, G e H<\/li>\n<\/ul>\n<\/li>\n\n\n\n<li><strong>7.\u00ba Ano<\/strong><em>(Sal\u00e3o Nobre \u2013 Escola Em\u00eddio Garcia)<\/em>\n<ul class=\"wp-block-list\">\n<li><strong>10h30:<\/strong> Turmas A, B, C e D<\/li>\n\n\n\n<li><strong>11h30:<\/strong> Turmas E, F, G e H<\/li>\n<\/ul>\n<\/li>\n<\/ul>\n\n\n\n<h3 class=\"wp-block-heading\"><strong>Segunda-feira | 14 de Setembro<\/strong><\/h3>\n\n\n\n<ul class=\"wp-block-list\">\n<li><strong>08h30:<\/strong> Inicio das <strong>Atividades Letivas<\/strong> para todas as turmas do <strong>Pr\u00e9-Escolar e Ensino B\u00e1sico<\/strong> (1.\u00ba, 2.\u00ba e 3.\u00ba ciclos).<\/li>\n<\/ul>\n\n\n\n<h3 class=\"wp-block-heading\"><strong>Sexta-feira | 18 de Setembro<\/strong><\/h3>\n\n\n\n<ul class=\"wp-block-list\">\n<li><strong>11h00:<\/strong><strong>Rece\u00e7\u00e3o aos Alunos do Ensino Secund\u00e1rio<\/strong> (destinado aos alunos que frequentam a Escola Em\u00eddio Garcia pela 1.\u00aa vez).\n<ul class=\"wp-block-list\">\n<li><em>Local:<\/em> Sal\u00e3o Nobre<\/li>\n<\/ul>\n<\/li>\n<\/ul>\n\n\n\n<h3 class=\"wp-block-heading\"><strong>Segunda-feira | 21 de Setembro<\/strong><\/h3>\n\n\n\n<ul class=\"wp-block-list\">\n<li><strong>08h30:<\/strong> Inicio das <strong>Atividades Letivas<\/strong> para todas as turmas do <strong>Ensino Secund\u00e1rio<\/strong>.<\/li>\n<\/ul>\n\n\n\n<p class=\"wp-block-paragraph\">Desejamos a todos os alunos, fam\u00edlias, docentes e n\u00e3o docentes um excelente regresso \u00e0s aulas e um ano letivo repleto de sucessos e conquistas!<\/p>\n","protected":false},"excerpt":{"rendered":"<p>O Agrupamento de Escolas Em\u00eddio Garcia j\u00e1 tem calendarizadas as atividades de in\u00edcio do ano letivo 2026\/2027. Com o objetivo de garantir uma integra\u00e7\u00e3o tranquila e acolhedora de toda a comunidade escolar, foram programadas&#46;&#46;&#46;<\/p>\n","protected":false},"author":1,"featured_media":15921,"comment_status":"closed","ping_status":"open","sticky":false,"template":"","format":"standard","meta":{"footnotes":""},"categories":[14,27,2,9,13,16,15],"tags":[],"class_list":["post-15920","post","type-post","status-publish","format-standard","has-post-thumbnail","hentry","category-1o-ciclo","category-aeeg","category-atualidade","category-em-foco","category-escola-paulo-quintela","category-escola-secundaria-emidio-garcia","category-pre-escolar"],"_links":{"self":[{"href":"https:\/\/bojornal.pt\/index.php?rest_route=\/wp\/v2\/posts\/15920","targetHints":{"allow":["GET"]}}],"collection":[{"href":"https:\/\/bojornal.pt\/index.php?rest_route=\/wp\/v2\/posts"}],"about":[{"href":"https:\/\/bojornal.pt\/index.php?rest_route=\/wp\/v2\/types\/post"}],"author":[{"embeddable":true,"href":"https:\/\/bojornal.pt\/index.php?rest_route=\/wp\/v2\/users\/1"}],"replies":[{"embeddable":true,"href":"https:\/\/bojornal.pt\/index.php?rest_route=%2Fwp%2Fv2%2Fcomments&post=15920"}],"version-history":[{"count":2,"href":"https:\/\/bojornal.pt\/index.php?rest_route=\/wp\/v2\/posts\/15920\/revisions"}],"predecessor-version":[{"id":15925,"href":"https:\/\/bojornal.pt\/index.php?rest_route=\/wp\/v2\/posts\/15920\/revisions\/15925"}],"wp:featuredmedia":[{"embeddable":true,"href":"https:\/\/bojornal.pt\/index.php?rest_route=\/wp\/v2\/media\/15921"}],"wp:attachment":[{"href":"https:\/\/bojornal.pt\/index.php?rest_route=%2Fwp%2Fv2%2Fmedia&parent=15920"}],"wp:term":[{"taxonomy":"category","embeddable":true,"href":"https:\/\/bojornal.pt\/index.php?rest_route=%2Fwp%2Fv2%2Fcategories&post=15920"},{"taxonomy":"post_tag","embeddable":true,"href":"https:\/\/bojornal.pt\/index.php?rest_route=%2Fwp%2Fv2%2Ftags&post=15920"}],"curies":[{"name":"wp","href":"https:\/\/api.w.org\/{rel}","templated":true}]}}