{"id":15745,"date":"2026-02-08T23:28:00","date_gmt":"2026-02-08T23:28:00","guid":{"rendered":"https:\/\/bojornal.pt\/?p=15745"},"modified":"2026-03-02T23:31:51","modified_gmt":"2026-03-02T23:31:51","slug":"emidio-garcia-em-erasmus","status":"publish","type":"post","link":"https:\/\/bojornal.pt\/?p=15745","title":{"rendered":"Em\u00eddio Garcia em Erasmus+"},"content":{"rendered":"\n<p><strong><em>Floren\u00e7a acolheu o 2.\u00baencontro do projeto<\/em><\/strong><\/p>\n\n\n\n<figure class=\"wp-block-gallery has-nested-images columns-default is-cropped wp-block-gallery-1 is-layout-flex wp-block-gallery-is-layout-flex\">\n<figure class=\"wp-block-image size-large\"><img loading=\"lazy\" decoding=\"async\" width=\"800\" height=\"600\" data-id=\"15747\" src=\"https:\/\/bojornal.pt\/wp-content\/uploads\/2026\/03\/imagem_2.jpg\" alt=\"\" class=\"wp-image-15747\" srcset=\"https:\/\/bojornal.pt\/wp-content\/uploads\/2026\/03\/imagem_2.jpg 800w, https:\/\/bojornal.pt\/wp-content\/uploads\/2026\/03\/imagem_2-300x225.jpg 300w, https:\/\/bojornal.pt\/wp-content\/uploads\/2026\/03\/imagem_2-150x113.jpg 150w, https:\/\/bojornal.pt\/wp-content\/uploads\/2026\/03\/imagem_2-768x576.jpg 768w\" sizes=\"auto, (max-width: 800px) 100vw, 800px\" \/><\/figure>\n\n\n\n<figure class=\"wp-block-image size-large\"><img loading=\"lazy\" decoding=\"async\" width=\"734\" height=\"1024\" data-id=\"15748\" src=\"https:\/\/bojornal.pt\/wp-content\/uploads\/2026\/03\/Image-5.jpg\" alt=\"\" class=\"wp-image-15748\" srcset=\"https:\/\/bojornal.pt\/wp-content\/uploads\/2026\/03\/Image-5.jpg 734w, https:\/\/bojornal.pt\/wp-content\/uploads\/2026\/03\/Image-5-215x300.jpg 215w, https:\/\/bojornal.pt\/wp-content\/uploads\/2026\/03\/Image-5-108x150.jpg 108w\" sizes=\"auto, (max-width: 734px) 100vw, 734px\" \/><\/figure>\n\n\n\n<figure class=\"wp-block-image size-large\"><img loading=\"lazy\" decoding=\"async\" width=\"900\" height=\"677\" data-id=\"15746\" src=\"https:\/\/bojornal.pt\/wp-content\/uploads\/2026\/03\/foto_florenca.jpg\" alt=\"\" class=\"wp-image-15746\" srcset=\"https:\/\/bojornal.pt\/wp-content\/uploads\/2026\/03\/foto_florenca.jpg 900w, https:\/\/bojornal.pt\/wp-content\/uploads\/2026\/03\/foto_florenca-300x226.jpg 300w, https:\/\/bojornal.pt\/wp-content\/uploads\/2026\/03\/foto_florenca-150x113.jpg 150w, https:\/\/bojornal.pt\/wp-content\/uploads\/2026\/03\/foto_florenca-768x578.jpg 768w\" sizes=\"auto, (max-width: 900px) 100vw, 900px\" \/><\/figure>\n<\/figure>\n\n\n\n<p>O Agrupamento de Escolas Em\u00eddio Garcia participou em Floren\u00e7a, nos dias 2 e 3 de fevereiro de 2026, no 2.\u00ba encontro do projeto Erasmus+ Digital Horizons &#8211; Appropriate, Safe and Ethical implementation of Digital Technologies and AI in Schools. Este projeto, financiado pela Comiss\u00e3o Europeia, envolve, para al\u00e9m do nosso Agrupamento, v\u00e1rios parceiros: Instituto Polit\u00e9cnico de Bragan\u00e7a (Portugal), IIS Galileo Galilei (It\u00e1lia), RenaSup (Fran\u00e7a), Liceul EuroEd (Rom\u00e9nia) e Pixel (It\u00e1lia), e visa fornecer \u00e0s comunidades do ensino secund\u00e1rio os conhecimentos, compet\u00eancias e estrat\u00e9gias necess\u00e1rios para integrar eficazmente as tecnologias digitais e a intelig\u00eancia artificial (IA) no ensino e na aprendizagem. Para mais informa\u00e7\u00f5es sobre o projeto:\u00a0<a href=\"https:\/\/digitalhorizon.pixel-online.org\/index.php\" target=\"_blank\" rel=\"noreferrer noopener\">https:\/\/digitalhorizon.pixel-online.org\/index.php<\/a><br \/><\/p>\n","protected":false},"excerpt":{"rendered":"<p>Floren\u00e7a acolheu o 2.\u00baencontro do projeto O Agrupamento de Escolas Em\u00eddio Garcia participou em Floren\u00e7a, nos dias 2 e 3 de fevereiro de 2026, no 2.\u00ba encontro do projeto Erasmus+ Digital Horizons &#8211; Appropriate,&#46;&#46;&#46;<\/p>\n","protected":false},"author":1,"featured_media":15746,"comment_status":"closed","ping_status":"open","sticky":false,"template":"","format":"standard","meta":{"footnotes":""},"categories":[9,16],"tags":[],"class_list":["post-15745","post","type-post","status-publish","format-standard","has-post-thumbnail","hentry","category-em-foco","category-escola-secundaria-emidio-garcia"],"_links":{"self":[{"href":"https:\/\/bojornal.pt\/index.php?rest_route=\/wp\/v2\/posts\/15745","targetHints":{"allow":["GET"]}}],"collection":[{"href":"https:\/\/bojornal.pt\/index.php?rest_route=\/wp\/v2\/posts"}],"about":[{"href":"https:\/\/bojornal.pt\/index.php?rest_route=\/wp\/v2\/types\/post"}],"author":[{"embeddable":true,"href":"https:\/\/bojornal.pt\/index.php?rest_route=\/wp\/v2\/users\/1"}],"replies":[{"embeddable":true,"href":"https:\/\/bojornal.pt\/index.php?rest_route=%2Fwp%2Fv2%2Fcomments&post=15745"}],"version-history":[{"count":1,"href":"https:\/\/bojornal.pt\/index.php?rest_route=\/wp\/v2\/posts\/15745\/revisions"}],"predecessor-version":[{"id":15749,"href":"https:\/\/bojornal.pt\/index.php?rest_route=\/wp\/v2\/posts\/15745\/revisions\/15749"}],"wp:featuredmedia":[{"embeddable":true,"href":"https:\/\/bojornal.pt\/index.php?rest_route=\/wp\/v2\/media\/15746"}],"wp:attachment":[{"href":"https:\/\/bojornal.pt\/index.php?rest_route=%2Fwp%2Fv2%2Fmedia&parent=15745"}],"wp:term":[{"taxonomy":"category","embeddable":true,"href":"https:\/\/bojornal.pt\/index.php?rest_route=%2Fwp%2Fv2%2Fcategories&post=15745"},{"taxonomy":"post_tag","embeddable":true,"href":"https:\/\/bojornal.pt\/index.php?rest_route=%2Fwp%2Fv2%2Ftags&post=15745"}],"curies":[{"name":"wp","href":"https:\/\/api.w.org\/{rel}","templated":true}]}}