{"id":15738,"date":"2026-01-05T00:01:22","date_gmt":"2026-01-05T00:01:22","guid":{"rendered":"https:\/\/bojornal.pt\/?p=15738"},"modified":"2026-01-20T00:04:44","modified_gmt":"2026-01-20T00:04:44","slug":"a-solidariedade-pode-ser-aprendida","status":"publish","type":"post","link":"https:\/\/bojornal.pt\/?p=15738","title":{"rendered":"&#8220;A solidariedade pode ser aprendida!&#8221;"},"content":{"rendered":"\n<p><strong><em>Crian\u00e7as do Jardim de Inf\u00e2ncia do Centro Escolar da S\u00e9 em a\u00e7\u00e3o solid\u00e1ria <\/em><\/strong><\/p>\n\n\n\n<figure class=\"wp-block-gallery has-nested-images columns-default is-cropped wp-block-gallery-1 is-layout-flex wp-block-gallery-is-layout-flex\">\n<figure class=\"wp-block-image size-large\"><img loading=\"lazy\" decoding=\"async\" width=\"1024\" height=\"771\" data-id=\"15740\" src=\"https:\/\/bojornal.pt\/wp-content\/uploads\/2026\/01\/WhatsApp-Image-2025-12-21-at-11.37.00-1024x771.jpeg\" alt=\"\" class=\"wp-image-15740\" srcset=\"https:\/\/bojornal.pt\/wp-content\/uploads\/2026\/01\/WhatsApp-Image-2025-12-21-at-11.37.00-1024x771.jpeg 1024w, https:\/\/bojornal.pt\/wp-content\/uploads\/2026\/01\/WhatsApp-Image-2025-12-21-at-11.37.00-300x226.jpeg 300w, https:\/\/bojornal.pt\/wp-content\/uploads\/2026\/01\/WhatsApp-Image-2025-12-21-at-11.37.00-150x113.jpeg 150w, https:\/\/bojornal.pt\/wp-content\/uploads\/2026\/01\/WhatsApp-Image-2025-12-21-at-11.37.00-768x578.jpeg 768w, https:\/\/bojornal.pt\/wp-content\/uploads\/2026\/01\/WhatsApp-Image-2025-12-21-at-11.37.00-1536x1157.jpeg 1536w, https:\/\/bojornal.pt\/wp-content\/uploads\/2026\/01\/WhatsApp-Image-2025-12-21-at-11.37.00.jpeg 2040w\" sizes=\"auto, (max-width: 1024px) 100vw, 1024px\" \/><\/figure>\n\n\n\n<figure class=\"wp-block-image size-large\"><img loading=\"lazy\" decoding=\"async\" width=\"1024\" height=\"771\" data-id=\"15742\" src=\"https:\/\/bojornal.pt\/wp-content\/uploads\/2026\/01\/WhatsApp-Image-2025-12-21-at-11.36.56-1024x771.jpeg\" alt=\"\" class=\"wp-image-15742\" srcset=\"https:\/\/bojornal.pt\/wp-content\/uploads\/2026\/01\/WhatsApp-Image-2025-12-21-at-11.36.56-1024x771.jpeg 1024w, https:\/\/bojornal.pt\/wp-content\/uploads\/2026\/01\/WhatsApp-Image-2025-12-21-at-11.36.56-300x226.jpeg 300w, https:\/\/bojornal.pt\/wp-content\/uploads\/2026\/01\/WhatsApp-Image-2025-12-21-at-11.36.56-150x113.jpeg 150w, https:\/\/bojornal.pt\/wp-content\/uploads\/2026\/01\/WhatsApp-Image-2025-12-21-at-11.36.56-768x578.jpeg 768w, https:\/\/bojornal.pt\/wp-content\/uploads\/2026\/01\/WhatsApp-Image-2025-12-21-at-11.36.56-1536x1157.jpeg 1536w, https:\/\/bojornal.pt\/wp-content\/uploads\/2026\/01\/WhatsApp-Image-2025-12-21-at-11.36.56.jpeg 2040w\" sizes=\"auto, (max-width: 1024px) 100vw, 1024px\" \/><\/figure>\n\n\n\n<figure class=\"wp-block-image size-large\"><img loading=\"lazy\" decoding=\"async\" width=\"1024\" height=\"771\" data-id=\"15741\" src=\"https:\/\/bojornal.pt\/wp-content\/uploads\/2026\/01\/WhatsApp-Image-2025-12-21-at-11.36.47-1024x771.jpeg\" alt=\"\" class=\"wp-image-15741\" srcset=\"https:\/\/bojornal.pt\/wp-content\/uploads\/2026\/01\/WhatsApp-Image-2025-12-21-at-11.36.47-1024x771.jpeg 1024w, https:\/\/bojornal.pt\/wp-content\/uploads\/2026\/01\/WhatsApp-Image-2025-12-21-at-11.36.47-300x226.jpeg 300w, https:\/\/bojornal.pt\/wp-content\/uploads\/2026\/01\/WhatsApp-Image-2025-12-21-at-11.36.47-150x113.jpeg 150w, https:\/\/bojornal.pt\/wp-content\/uploads\/2026\/01\/WhatsApp-Image-2025-12-21-at-11.36.47-768x578.jpeg 768w, https:\/\/bojornal.pt\/wp-content\/uploads\/2026\/01\/WhatsApp-Image-2025-12-21-at-11.36.47-1536x1157.jpeg 1536w, https:\/\/bojornal.pt\/wp-content\/uploads\/2026\/01\/WhatsApp-Image-2025-12-21-at-11.36.47.jpeg 2040w\" sizes=\"auto, (max-width: 1024px) 100vw, 1024px\" \/><\/figure>\n\n\n\n<figure class=\"wp-block-image size-large\"><img loading=\"lazy\" decoding=\"async\" width=\"1024\" height=\"771\" data-id=\"15739\" src=\"https:\/\/bojornal.pt\/wp-content\/uploads\/2026\/01\/WhatsApp-Image-2025-12-21-at-11.36.30-1024x771.jpeg\" alt=\"\" class=\"wp-image-15739\" srcset=\"https:\/\/bojornal.pt\/wp-content\/uploads\/2026\/01\/WhatsApp-Image-2025-12-21-at-11.36.30-1024x771.jpeg 1024w, https:\/\/bojornal.pt\/wp-content\/uploads\/2026\/01\/WhatsApp-Image-2025-12-21-at-11.36.30-300x226.jpeg 300w, https:\/\/bojornal.pt\/wp-content\/uploads\/2026\/01\/WhatsApp-Image-2025-12-21-at-11.36.30-150x113.jpeg 150w, https:\/\/bojornal.pt\/wp-content\/uploads\/2026\/01\/WhatsApp-Image-2025-12-21-at-11.36.30-768x578.jpeg 768w, https:\/\/bojornal.pt\/wp-content\/uploads\/2026\/01\/WhatsApp-Image-2025-12-21-at-11.36.30-1536x1157.jpeg 1536w, https:\/\/bojornal.pt\/wp-content\/uploads\/2026\/01\/WhatsApp-Image-2025-12-21-at-11.36.30.jpeg 2040w\" sizes=\"auto, (max-width: 1024px) 100vw, 1024px\" \/><\/figure>\n<\/figure>\n\n\n\n<p>As crian\u00e7as da JI SE1 do Centro Escolar da SE, uniram-se numa causa solid\u00e1ria a favor da APAV (apoio \u00e0 vitima), doando um brinquedo e uma pe\u00e7a de roupa.<br \/>A solidariedade pode ser aprendida!<br \/>Mesmo num mundo injusto, as crian\u00e7as podem preocupar-se em fazer o bem. \u00c9 poss\u00edvel fazer-lhes entender a import\u00e2ncia de ter atitudes solid\u00e1rias desde tenra idade, da\u00ed a preocupa\u00e7\u00e3o da Educadora Bela Vitorino, em estimula-los, para que aprendam desde cedo, valores como a empatia, solidariedade e, altru\u00edsmo, para que venham a tornar-se adultos mais respons\u00e1veis e conscientes, SONHANDO com um mundo melhor e mais justo.<br \/>Mas n\u00e3o adianta dizer a uma crian\u00e7a que \u00e9 importante ser solid\u00e1ria, se os adultos n\u00e3o a incentivarem. Educar pelo exemplo, \u00e9 uma das formas mais eficazes da educa\u00e7\u00e3o.<br \/>Obrigada a estas crian\u00e7as, \u00e0 Educadora, aos pais e, aos Bombeiros de Bragan\u00e7a, que se juntaram e envolveram nesta causa, proporcionado assim, momentos mais felizes a outras crian\u00e7as.<\/p>\n","protected":false},"excerpt":{"rendered":"<p>Crian\u00e7as do Jardim de Inf\u00e2ncia do Centro Escolar da S\u00e9 em a\u00e7\u00e3o solid\u00e1ria As crian\u00e7as da JI SE1 do Centro Escolar da SE, uniram-se numa causa solid\u00e1ria a favor da APAV (apoio \u00e0 vitima),&#46;&#46;&#46;<\/p>\n","protected":false},"author":1,"featured_media":15741,"comment_status":"closed","ping_status":"open","sticky":false,"template":"","format":"standard","meta":{"footnotes":""},"categories":[9,15],"tags":[],"class_list":["post-15738","post","type-post","status-publish","format-standard","has-post-thumbnail","hentry","category-em-foco","category-pre-escolar"],"_links":{"self":[{"href":"https:\/\/bojornal.pt\/index.php?rest_route=\/wp\/v2\/posts\/15738","targetHints":{"allow":["GET"]}}],"collection":[{"href":"https:\/\/bojornal.pt\/index.php?rest_route=\/wp\/v2\/posts"}],"about":[{"href":"https:\/\/bojornal.pt\/index.php?rest_route=\/wp\/v2\/types\/post"}],"author":[{"embeddable":true,"href":"https:\/\/bojornal.pt\/index.php?rest_route=\/wp\/v2\/users\/1"}],"replies":[{"embeddable":true,"href":"https:\/\/bojornal.pt\/index.php?rest_route=%2Fwp%2Fv2%2Fcomments&post=15738"}],"version-history":[{"count":1,"href":"https:\/\/bojornal.pt\/index.php?rest_route=\/wp\/v2\/posts\/15738\/revisions"}],"predecessor-version":[{"id":15743,"href":"https:\/\/bojornal.pt\/index.php?rest_route=\/wp\/v2\/posts\/15738\/revisions\/15743"}],"wp:featuredmedia":[{"embeddable":true,"href":"https:\/\/bojornal.pt\/index.php?rest_route=\/wp\/v2\/media\/15741"}],"wp:attachment":[{"href":"https:\/\/bojornal.pt\/index.php?rest_route=%2Fwp%2Fv2%2Fmedia&parent=15738"}],"wp:term":[{"taxonomy":"category","embeddable":true,"href":"https:\/\/bojornal.pt\/index.php?rest_route=%2Fwp%2Fv2%2Fcategories&post=15738"},{"taxonomy":"post_tag","embeddable":true,"href":"https:\/\/bojornal.pt\/index.php?rest_route=%2Fwp%2Fv2%2Ftags&post=15738"}],"curies":[{"name":"wp","href":"https:\/\/api.w.org\/{rel}","templated":true}]}}