{"id":15722,"date":"2026-01-16T23:36:04","date_gmt":"2026-01-16T23:36:04","guid":{"rendered":"https:\/\/bojornal.pt\/?p=15722"},"modified":"2026-01-19T23:39:26","modified_gmt":"2026-01-19T23:39:26","slug":"s-p-o-promove-sessao-informativa-sobre-carreira-militar","status":"publish","type":"post","link":"https:\/\/bojornal.pt\/?p=15722","title":{"rendered":"S.P.O. Promove Sess\u00e3o informativa sobre Carreira Militar"},"content":{"rendered":"\n<figure class=\"wp-block-image size-large\"><img loading=\"lazy\" decoding=\"async\" width=\"1024\" height=\"768\" src=\"https:\/\/bojornal.pt\/wp-content\/uploads\/2026\/01\/18-1024x768.jpeg\" alt=\"\" class=\"wp-image-15724\" srcset=\"https:\/\/bojornal.pt\/wp-content\/uploads\/2026\/01\/18-1024x768.jpeg 1024w, https:\/\/bojornal.pt\/wp-content\/uploads\/2026\/01\/18-300x225.jpeg 300w, https:\/\/bojornal.pt\/wp-content\/uploads\/2026\/01\/18-150x113.jpeg 150w, https:\/\/bojornal.pt\/wp-content\/uploads\/2026\/01\/18-768x576.jpeg 768w, https:\/\/bojornal.pt\/wp-content\/uploads\/2026\/01\/18-1536x1152.jpeg 1536w, https:\/\/bojornal.pt\/wp-content\/uploads\/2026\/01\/18.jpeg 1600w\" sizes=\"auto, (max-width: 1024px) 100vw, 1024px\" \/><\/figure>\n\n\n\n<p>O Servi\u00e7o de Psicologia e Orienta\u00e7\u00e3o (S.P.O.) promoveu uma sess\u00e3o de esclarecimento sobre a carreira militar no dia 9 de janeiro dirigida aos alunos do 12.\u00ba ano, que decorreu no Sal\u00e3o Nobre da Escola Secund\u00e1ria Em\u00eddio Garcia.<\/p>\n\n\n\n<p>A sess\u00e3o foi dinamizada pelo Sargento-Ajudante Nuno Babo, com a colabora\u00e7\u00e3o do 1.\u00ba Cabo Jos\u00e9 Lu\u00eds, do GAP de Bragan\u00e7a do &nbsp;Ex\u00e9rcito Portugu\u00eas, e teve como objetivo apresentar as diferentes formas de ingresso, os percursos formativos e as oportunidades profissionais na carreira militar, nomeadamente, o Servi\u00e7o Militar volunt\u00e1rio e em Regime de Contrato; As condi\u00e7\u00f5es de acesso \u00e0 Academia Militar e \u00e0 Escola de Sargentos do Ex\u00e9rcito; E incentivos \u00e0 presta\u00e7\u00e3o de servi\u00e7o militar.<\/p>\n\n\n\n<p>Foram abordadas as tropas especiais, as diferentes categorias profissionais e os incentivos associados \u00e0 carreira, nomeadamente ao n\u00edvel da forma\u00e7\u00e3o, do emprego e da progress\u00e3o profissional.<\/p>\n\n\n\n<p>Esta iniciativa com a presen\u00e7a de 153 alunos, integrou-se nas atividades de orienta\u00e7\u00e3o vocacional do S.P.O., apoiando os alunos na tomada de decis\u00f5es informadas sobre o seu futuro acad\u00e9mico e profissional.<\/p>\n\n\n\n<p>Os alunos interessados podem obter mais informa\u00e7\u00f5es atrav\u00e9s dos canais oficiais de recrutamento do Ex\u00e9rcito Portugu\u00eas:<\/p>\n\n\n\n<p><strong>Telefone \/ WhatsApp:<\/strong> 800 20 12 74<\/p>\n\n\n\n<p><strong>Email:<\/strong> recrutamento@exercito.pt<\/p>\n\n\n\n<p><strong>Facebook | Instagram:<\/strong> @exercitorecrutamento<\/p>\n\n\n\n<p><strong>Website:<\/strong> www.exercito.pt<\/p>\n","protected":false},"excerpt":{"rendered":"<p>O Servi\u00e7o de Psicologia e Orienta\u00e7\u00e3o (S.P.O.) promoveu uma sess\u00e3o de esclarecimento sobre a carreira militar no dia 9 de janeiro dirigida aos alunos do 12.\u00ba ano, que decorreu no Sal\u00e3o Nobre da Escola&#46;&#46;&#46;<\/p>\n","protected":false},"author":1,"featured_media":15724,"comment_status":"closed","ping_status":"open","sticky":false,"template":"","format":"standard","meta":{"footnotes":""},"categories":[9,16],"tags":[],"class_list":["post-15722","post","type-post","status-publish","format-standard","has-post-thumbnail","hentry","category-em-foco","category-escola-secundaria-emidio-garcia"],"_links":{"self":[{"href":"https:\/\/bojornal.pt\/index.php?rest_route=\/wp\/v2\/posts\/15722","targetHints":{"allow":["GET"]}}],"collection":[{"href":"https:\/\/bojornal.pt\/index.php?rest_route=\/wp\/v2\/posts"}],"about":[{"href":"https:\/\/bojornal.pt\/index.php?rest_route=\/wp\/v2\/types\/post"}],"author":[{"embeddable":true,"href":"https:\/\/bojornal.pt\/index.php?rest_route=\/wp\/v2\/users\/1"}],"replies":[{"embeddable":true,"href":"https:\/\/bojornal.pt\/index.php?rest_route=%2Fwp%2Fv2%2Fcomments&post=15722"}],"version-history":[{"count":1,"href":"https:\/\/bojornal.pt\/index.php?rest_route=\/wp\/v2\/posts\/15722\/revisions"}],"predecessor-version":[{"id":15725,"href":"https:\/\/bojornal.pt\/index.php?rest_route=\/wp\/v2\/posts\/15722\/revisions\/15725"}],"wp:featuredmedia":[{"embeddable":true,"href":"https:\/\/bojornal.pt\/index.php?rest_route=\/wp\/v2\/media\/15724"}],"wp:attachment":[{"href":"https:\/\/bojornal.pt\/index.php?rest_route=%2Fwp%2Fv2%2Fmedia&parent=15722"}],"wp:term":[{"taxonomy":"category","embeddable":true,"href":"https:\/\/bojornal.pt\/index.php?rest_route=%2Fwp%2Fv2%2Fcategories&post=15722"},{"taxonomy":"post_tag","embeddable":true,"href":"https:\/\/bojornal.pt\/index.php?rest_route=%2Fwp%2Fv2%2Ftags&post=15722"}],"curies":[{"name":"wp","href":"https:\/\/api.w.org\/{rel}","templated":true}]}}