{"id":15718,"date":"2025-12-16T18:03:16","date_gmt":"2025-12-16T18:03:16","guid":{"rendered":"https:\/\/bojornal.pt\/?p=15718"},"modified":"2026-01-19T23:48:57","modified_gmt":"2026-01-19T23:48:57","slug":"gala-de-natal-2","status":"publish","type":"post","link":"https:\/\/bojornal.pt\/?p=15718","title":{"rendered":"Gala de Natal"},"content":{"rendered":"\n<p><strong><em>Sal\u00e3o Nobre da Escola Em\u00eddio Garcia repleto para noite de talentos<\/em><\/strong><\/p>\n\n\n\n<figure class=\"wp-block-image size-large\"><img loading=\"lazy\" decoding=\"async\" width=\"1024\" height=\"681\" src=\"https:\/\/bojornal.pt\/wp-content\/uploads\/2025\/12\/Gala-de-Natal-2025-620-1024x681.jpg\" alt=\"\" class=\"wp-image-15730\" srcset=\"https:\/\/bojornal.pt\/wp-content\/uploads\/2025\/12\/Gala-de-Natal-2025-620-1024x681.jpg 1024w, https:\/\/bojornal.pt\/wp-content\/uploads\/2025\/12\/Gala-de-Natal-2025-620-300x199.jpg 300w, https:\/\/bojornal.pt\/wp-content\/uploads\/2025\/12\/Gala-de-Natal-2025-620-150x100.jpg 150w, https:\/\/bojornal.pt\/wp-content\/uploads\/2025\/12\/Gala-de-Natal-2025-620-768x511.jpg 768w, https:\/\/bojornal.pt\/wp-content\/uploads\/2025\/12\/Gala-de-Natal-2025-620-1536x1021.jpg 1536w, https:\/\/bojornal.pt\/wp-content\/uploads\/2025\/12\/Gala-de-Natal-2025-620-2048x1362.jpg 2048w\" sizes=\"auto, (max-width: 1024px) 100vw, 1024px\" \/><\/figure>\n\n\n\n<p>Os alunos do Liceu de Bragan\u00e7a conclu\u00edram o primeiro per\u00edodo da melhor forma: em festa, atrav\u00e9s da j\u00e1 famosa Gala de Natal. Esta atividade levou, no passado dia 15 de dezembro, centenas de pais, encarregados de educa\u00e7\u00e3o, professores e alunos ao Sal\u00e3o Nobre para assistirem a mais um brilhante espet\u00e1culo, no qual n\u00e3o faltou muita m\u00fasica, dan\u00e7a, teatro e poesia.<\/p>\n","protected":false},"excerpt":{"rendered":"<p>Sal\u00e3o Nobre da Escola Em\u00eddio Garcia repleto para noite de talentos Os alunos do Liceu de Bragan\u00e7a conclu\u00edram o primeiro per\u00edodo da melhor forma: em festa, atrav\u00e9s da j\u00e1 famosa Gala de Natal. Esta&#46;&#46;&#46;<\/p>\n","protected":false},"author":1,"featured_media":15730,"comment_status":"closed","ping_status":"open","sticky":false,"template":"","format":"standard","meta":{"footnotes":""},"categories":[9,16],"tags":[],"class_list":["post-15718","post","type-post","status-publish","format-standard","has-post-thumbnail","hentry","category-em-foco","category-escola-secundaria-emidio-garcia"],"_links":{"self":[{"href":"https:\/\/bojornal.pt\/index.php?rest_route=\/wp\/v2\/posts\/15718","targetHints":{"allow":["GET"]}}],"collection":[{"href":"https:\/\/bojornal.pt\/index.php?rest_route=\/wp\/v2\/posts"}],"about":[{"href":"https:\/\/bojornal.pt\/index.php?rest_route=\/wp\/v2\/types\/post"}],"author":[{"embeddable":true,"href":"https:\/\/bojornal.pt\/index.php?rest_route=\/wp\/v2\/users\/1"}],"replies":[{"embeddable":true,"href":"https:\/\/bojornal.pt\/index.php?rest_route=%2Fwp%2Fv2%2Fcomments&post=15718"}],"version-history":[{"count":2,"href":"https:\/\/bojornal.pt\/index.php?rest_route=\/wp\/v2\/posts\/15718\/revisions"}],"predecessor-version":[{"id":15732,"href":"https:\/\/bojornal.pt\/index.php?rest_route=\/wp\/v2\/posts\/15718\/revisions\/15732"}],"wp:featuredmedia":[{"embeddable":true,"href":"https:\/\/bojornal.pt\/index.php?rest_route=\/wp\/v2\/media\/15730"}],"wp:attachment":[{"href":"https:\/\/bojornal.pt\/index.php?rest_route=%2Fwp%2Fv2%2Fmedia&parent=15718"}],"wp:term":[{"taxonomy":"category","embeddable":true,"href":"https:\/\/bojornal.pt\/index.php?rest_route=%2Fwp%2Fv2%2Fcategories&post=15718"},{"taxonomy":"post_tag","embeddable":true,"href":"https:\/\/bojornal.pt\/index.php?rest_route=%2Fwp%2Fv2%2Ftags&post=15718"}],"curies":[{"name":"wp","href":"https:\/\/api.w.org\/{rel}","templated":true}]}}