{"id":15714,"date":"2026-01-06T18:00:57","date_gmt":"2026-01-06T18:00:57","guid":{"rendered":"https:\/\/bojornal.pt\/?p=15714"},"modified":"2026-01-19T23:44:32","modified_gmt":"2026-01-19T23:44:32","slug":"alunos-visitam-madrid-em-festa-de-reis","status":"publish","type":"post","link":"https:\/\/bojornal.pt\/?p=15714","title":{"rendered":"Alunos visitam Madrid, em festa de Reis"},"content":{"rendered":"\n<p><strong><em>Estudantes de 9.\u00baano, inscritos em EMRC e Espanhol conheceram a capital espanhola<\/em><\/strong><\/p>\n\n\n\n<figure class=\"wp-block-image size-large\"><img loading=\"lazy\" decoding=\"async\" width=\"1024\" height=\"681\" src=\"https:\/\/bojornal.pt\/wp-content\/uploads\/2026\/01\/Madrid-2025_2dia-3-1024x681.jpg\" alt=\"\" class=\"wp-image-15727\" srcset=\"https:\/\/bojornal.pt\/wp-content\/uploads\/2026\/01\/Madrid-2025_2dia-3-1024x681.jpg 1024w, https:\/\/bojornal.pt\/wp-content\/uploads\/2026\/01\/Madrid-2025_2dia-3-300x199.jpg 300w, https:\/\/bojornal.pt\/wp-content\/uploads\/2026\/01\/Madrid-2025_2dia-3-150x100.jpg 150w, https:\/\/bojornal.pt\/wp-content\/uploads\/2026\/01\/Madrid-2025_2dia-3-768x511.jpg 768w, https:\/\/bojornal.pt\/wp-content\/uploads\/2026\/01\/Madrid-2025_2dia-3-1536x1021.jpg 1536w, https:\/\/bojornal.pt\/wp-content\/uploads\/2026\/01\/Madrid-2025_2dia-3-2048x1362.jpg 2048w\" sizes=\"auto, (max-width: 1024px) 100vw, 1024px\" \/><\/figure>\n\n\n\n<p>Um grupo de 102 alunos visitou Madrid, naquela que \u00e9 a \u00e9poca mais festiva em Espanha. Os estudantes de 9.\u00baano, inscritos nas disciplinas de EMRC e Espanhol, tiveram a oportunidade de conhecer a capital espanhola e aprofundar os seus conhecimentos. A atividade, realizada nos dias 4,5 e 6 de janeiro, contou com as visitas aos museus Rainha Sofia e Museu do Prado, \u00e0 Catedral de Almudena e Pal\u00e1cio Real,, \u00e0 Porta do Sol, \u00e0 Pra\u00e7a Maior e ao Parque Warner Bros.<\/p>\n","protected":false},"excerpt":{"rendered":"<p>Estudantes de 9.\u00baano, inscritos em EMRC e Espanhol conheceram a capital espanhola Um grupo de 102 alunos visitou Madrid, naquela que \u00e9 a \u00e9poca mais festiva em Espanha. Os estudantes de 9.\u00baano, inscritos nas&#46;&#46;&#46;<\/p>\n","protected":false},"author":1,"featured_media":15727,"comment_status":"closed","ping_status":"open","sticky":false,"template":"","format":"standard","meta":{"footnotes":""},"categories":[9,16],"tags":[],"class_list":["post-15714","post","type-post","status-publish","format-standard","has-post-thumbnail","hentry","category-em-foco","category-escola-secundaria-emidio-garcia"],"_links":{"self":[{"href":"https:\/\/bojornal.pt\/index.php?rest_route=\/wp\/v2\/posts\/15714","targetHints":{"allow":["GET"]}}],"collection":[{"href":"https:\/\/bojornal.pt\/index.php?rest_route=\/wp\/v2\/posts"}],"about":[{"href":"https:\/\/bojornal.pt\/index.php?rest_route=\/wp\/v2\/types\/post"}],"author":[{"embeddable":true,"href":"https:\/\/bojornal.pt\/index.php?rest_route=\/wp\/v2\/users\/1"}],"replies":[{"embeddable":true,"href":"https:\/\/bojornal.pt\/index.php?rest_route=%2Fwp%2Fv2%2Fcomments&post=15714"}],"version-history":[{"count":2,"href":"https:\/\/bojornal.pt\/index.php?rest_route=\/wp\/v2\/posts\/15714\/revisions"}],"predecessor-version":[{"id":15729,"href":"https:\/\/bojornal.pt\/index.php?rest_route=\/wp\/v2\/posts\/15714\/revisions\/15729"}],"wp:featuredmedia":[{"embeddable":true,"href":"https:\/\/bojornal.pt\/index.php?rest_route=\/wp\/v2\/media\/15727"}],"wp:attachment":[{"href":"https:\/\/bojornal.pt\/index.php?rest_route=%2Fwp%2Fv2%2Fmedia&parent=15714"}],"wp:term":[{"taxonomy":"category","embeddable":true,"href":"https:\/\/bojornal.pt\/index.php?rest_route=%2Fwp%2Fv2%2Fcategories&post=15714"},{"taxonomy":"post_tag","embeddable":true,"href":"https:\/\/bojornal.pt\/index.php?rest_route=%2Fwp%2Fv2%2Ftags&post=15714"}],"curies":[{"name":"wp","href":"https:\/\/api.w.org\/{rel}","templated":true}]}}